{"id":356393,"date":"2025-08-31T11:59:10","date_gmt":"2025-08-31T11:59:10","guid":{"rendered":"https:\/\/www.europesays.com\/fr\/356393\/"},"modified":"2025-08-31T11:59:10","modified_gmt":"2025-08-31T11:59:10","slug":"suivez-la-9e-etape-entre-alfaro-et-la-station-de-valdezcaray-en-live","status":"publish","type":"post","link":"https:\/\/www.europesays.com\/fr\/356393\/","title":{"rendered":"suivez la 9e \u00e9tape entre Alfaro et la station de Valdezcaray en live"},"content":{"rendered":"<p>09h25<\/p>\n<p>A quelle heure et sur quelle cha\u00eene TV regarder la 9e \u00e9tape du Tour d&rsquo;Espagne?<\/p>\n<p>La 80e \u00e9dition de la Vuelta continue ce dimanche 31 ao\u00fbt avec une 9e \u00e9tape entre Alfaro et Valdezcaray. Horaire, diffusion TV\u2026 <a href=\"https:\/\/rmcsport.bfmtv.com\/cyclisme\/tour-d-espagne\/vuelta-2025-a-quelle-heure-et-sur-quelle-chaine-tv-regarder-la-9e-etape-du-tour-d-espagne_AN-202508310117.html\" title=\"Vuelta 2025: \u00e0 quelle heure et sur quelle cha\u00eene TV regarder la 9e \u00e9tape du Tour d&#039;Espagne?\" class=\"internal_link\" rel=\"nofollow noopener\" target=\"_blank\">Voici tout ce que vous devez savoir pour suivre la 9e \u00e9tape du Tour d&rsquo;Espagne 2025 en direct<\/a>.<\/p>\n<p>09h25<\/p>\n<p>Parcours, profil, \u00e9tape\u2026 Tout ce que vous devez savoir sur l&rsquo;\u00e9tape du jour<\/p>\n<p>La neuvi\u00e8me \u00e9tape du Tour d&rsquo;Espagne 2025, entre Alfaro et Valdezcaray, propose une nouvelle arriv\u00e9e au sommet. Parcours, profil, \u00e9tape&#8230;<a href=\"https:\/\/rmcsport.bfmtv.com\/cyclisme\/tour-d-espagne\/vuelta-2025-etape-9-parcours-profil-etape-tout-ce-que-vous-devez-savoir-sur-l-etape-du-jour_AN-202508310114.html\" title=\"Vuelta 2025, \u00e9tape 9: parcours, profil, \u00e9tape\u2026 Tout ce que vous devez savoir sur l&#039;\u00e9tape du jour\" class=\"internal_link\" rel=\"nofollow noopener\" target=\"_blank\"> Voici ce que vous devez savoir sur l&rsquo;\u00e9tape de ce dimanche 31 ao\u00fbt<\/a>.<\/p>\n<p>09h24<\/p>\n<p>Bonjour \u00e0 tous<\/p>\n<p>Bienvenue sur RMC Sport pour suivre en direct comment\u00e9 la 9e \u00e9tape de la Vuelta entre Alfaro et la station de Valdezcaray ce dimanche 31 ao\u00fbt 2025, \u00e0 la veille de la premi\u00e8re journ\u00e9e de repos.<\/p>\n<p><img decoding=\"async\" class=\"lozad\" src=\"https:\/\/www.europesays.com\/fr\/wp-content\/uploads\/2025\/08\/Profil-de-la-9e-etape-de-la-Vuelta-2025-2129591.jpg\"  alt=\"Profil de la 9e \u00e9tape de la Vuelta 2025\" title=\"Profil de la 9e \u00e9tape de la Vuelta 2025\"\/>Profil de la 9e \u00e9tape de la Vuelta 2025 \u00a9 Vuelta<\/p>\n","protected":false},"excerpt":{"rendered":"09h25 A quelle heure et sur quelle cha\u00eene TV regarder la 9e \u00e9tape du Tour d&rsquo;Espagne? La 80e&hellip;\n","protected":false},"author":2,"featured_media":356394,"comment_status":"","ping_status":"","sticky":false,"template":"","format":"standard","meta":{"footnotes":""},"categories":[1411],"tags":[1154,207,1011,27,60],"class_list":{"0":"post-356393","1":"post","2":"type-post","3":"status-publish","4":"format-standard","5":"has-post-thumbnail","7":"category-cyclisme","8":"tag-cycling","9":"tag-cyclisme","10":"tag-fr","11":"tag-france","12":"tag-sports"},"share_on_mastodon":{"url":"https:\/\/pubeurope.com\/@fr\/115123267980986781","error":""},"_links":{"self":[{"href":"https:\/\/www.europesays.com\/fr\/wp-json\/wp\/v2\/posts\/356393","targetHints":{"allow":["GET"]}}],"collection":[{"href":"https:\/\/www.europesays.com\/fr\/wp-json\/wp\/v2\/posts"}],"about":[{"href":"https:\/\/www.europesays.com\/fr\/wp-json\/wp\/v2\/types\/post"}],"author":[{"embeddable":true,"href":"https:\/\/www.europesays.com\/fr\/wp-json\/wp\/v2\/users\/2"}],"replies":[{"embeddable":true,"href":"https:\/\/www.europesays.com\/fr\/wp-json\/wp\/v2\/comments?post=356393"}],"version-history":[{"count":0,"href":"https:\/\/www.europesays.com\/fr\/wp-json\/wp\/v2\/posts\/356393\/revisions"}],"wp:featuredmedia":[{"embeddable":true,"href":"https:\/\/www.europesays.com\/fr\/wp-json\/wp\/v2\/media\/356394"}],"wp:attachment":[{"href":"https:\/\/www.europesays.com\/fr\/wp-json\/wp\/v2\/media?parent=356393"}],"wp:term":[{"taxonomy":"category","embeddable":true,"href":"https:\/\/www.europesays.com\/fr\/wp-json\/wp\/v2\/categories?post=356393"},{"taxonomy":"post_tag","embeddable":true,"href":"https:\/\/www.europesays.com\/fr\/wp-json\/wp\/v2\/tags?post=356393"}],"curies":[{"name":"wp","href":"https:\/\/api.w.org\/{rel}","templated":true}]}}