{"id":356395,"date":"2025-08-31T12:06:11","date_gmt":"2025-08-31T12:06:11","guid":{"rendered":"https:\/\/www.europesays.com\/fr\/356395\/"},"modified":"2025-08-31T12:06:11","modified_gmt":"2025-08-31T12:06:11","slug":"taylor-swift-avait-elle-predit-la-date-de-son-mariage-et-toutes-les-deconvenues-amoureuses-qui-lauront-precede","status":"publish","type":"post","link":"https:\/\/www.europesays.com\/fr\/356395\/","title":{"rendered":"Taylor Swift avait-elle pr\u00e9dit la date de son mariage et toutes les d\u00e9convenues amoureuses qui l\u2019auront pr\u00e9c\u00e9d\u00e9\u00a0?"},"content":{"rendered":"<p>Taylor Swift vit ses r\u00eaves les plus fous\u00a0! Quelques heures apr\u00e8s <a href=\"https:\/\/www.20minutes.fr\/arts-stars\/culture\/musique\/4169739-20250827-taylor-swift-invite-mariage-travis-kelce-imagine-future-ceremonie\" target=\"_blank\" class=\"c-link c-link--is-underlined\" rel=\"nofollow noopener\">l\u2019annonce de ses fian\u00e7ailles<\/a> avec Travis Kelce sur Instagram mardi dernier (26\u00a0ao\u00fbt), les fans ont ressorti une vid\u00e9o troublante. Dans cette interview r\u00e9alis\u00e9e bien avant qu\u2019elle devienne la superstar que l\u2019on sait, c\u2019est une Taylor Swift adolescente et aux cheveux boucl\u00e9s qui pr\u00e9disait avec une pr\u00e9cision saisissante l\u2019\u00e2ge auquel elle se marierait.<\/p>\n<p>\u00ab\u00a0Je ne me marierai pas avant mes 35 ans\u00a0\u00bb, d\u00e9clarait l\u2019artiste avec assurance face \u00e0 un pr\u00e9sentateur t\u00e9l\u00e9 dans cette s\u00e9quence relat\u00e9e par <a href=\"https:\/\/people.com\/taylor-swift-interview-resurfaces-showing-young-star-saying-she-wont-get-married-until-shes-35-11798378\" rel=\"nofollow noopener\" target=\"_blank\" class=\"c-link c-link--is-underlined\">People<\/a>. Et effectivement, Taylor Swift vient d\u2019annoncer ses fian\u00e7ailles \u00e0\u2026 35 ans pile\u00a0! Dans cette s\u00e9quence devenue virale, l\u2019artiste justifiait son choix\u00a0: \u00ab\u00a0Non, ce sera tard. Tard dans la vie.\u00a0\u00bb<\/p>\n<p>Une strat\u00e9gie assum\u00e9e<\/p>\n<p>Le pr\u00e9sentateur, remarquant la pr\u00e9sence d\u2019Andrea Swift, la m\u00e8re de la chanteuse, hors champ, avait plaisant\u00e9\u00a0: \u00ab\u00a0Alors maman, pas le droit de se marier avant 35 ans\u00a0?\u00a0\u00bb L\u2019interpr\u00e8te de Cruel Summer avait confirm\u00e9 sa position, expliquant que sa musique resterait toujours sa priorit\u00e9 et ce qui la d\u00e9finirait en tant que personne.<\/p>\n<p>Entre cette d\u00e9claration de jeunesse et <a href=\"https:\/\/www.20minutes.fr\/arts-stars\/people\/4169757-20250827-pere-travis-kelce-donne-plus-details-fiancailles-fils-taylor-swift\" target=\"_blank\" class=\"c-link c-link--is-underlined\" rel=\"nofollow noopener\">ses fian\u00e7ailles avec Travis Kelce<\/a>, 35 ans \u00e9galement, la chanteuse aura effectivement travers\u00e9 de nombreuses relations parfois houleuses, souvent malheureuses, toujours m\u00e9diatiques, lesquelles <a href=\"https:\/\/www.20minutes.fr\/arts-stars\/people\/2306119-20180711-tous-ex-chanteuse-taylor-swift-inspiration\" target=\"_blank\" class=\"c-link c-link--is-underlined\" rel=\"nofollow noopener\">ont aliment\u00e9 les textes<\/a> de son vaste r\u00e9pertoire. Alors, apr\u00e8s avoir capitalis\u00e9 sur ses d\u00e9boires sentimentaux, son prochain d\u00e9fi sera sans doute d\u2019\u00e9crire sur le fait d\u2019\u00eatre heureuse en amour\u00a0!<\/p>\n","protected":false},"excerpt":{"rendered":"Taylor Swift vit ses r\u00eaves les plus fous\u00a0! Quelques heures apr\u00e8s l\u2019annonce de ses fian\u00e7ailles avec Travis Kelce&hellip;\n","protected":false},"author":2,"featured_media":356396,"comment_status":"","ping_status":"","sticky":false,"template":"","format":"standard","meta":{"footnotes":""},"categories":[1359],"tags":[2704,58,59,30056,1011,27,1930,973,2713,133],"class_list":{"0":"post-356395","1":"post","2":"type-post","3":"status-publish","4":"format-standard","5":"has-post-thumbnail","7":"category-people","8":"tag-chanteuse","9":"tag-divertissement","10":"tag-entertainment","11":"tag-fiancailles","12":"tag-fr","13":"tag-france","14":"tag-mariage","15":"tag-people","16":"tag-taylor-swift","17":"tag-video"},"share_on_mastodon":{"url":"https:\/\/pubeurope.com\/@fr\/115123295738641215","error":""},"_links":{"self":[{"href":"https:\/\/www.europesays.com\/fr\/wp-json\/wp\/v2\/posts\/356395","targetHints":{"allow":["GET"]}}],"collection":[{"href":"https:\/\/www.europesays.com\/fr\/wp-json\/wp\/v2\/posts"}],"about":[{"href":"https:\/\/www.europesays.com\/fr\/wp-json\/wp\/v2\/types\/post"}],"author":[{"embeddable":true,"href":"https:\/\/www.europesays.com\/fr\/wp-json\/wp\/v2\/users\/2"}],"replies":[{"embeddable":true,"href":"https:\/\/www.europesays.com\/fr\/wp-json\/wp\/v2\/comments?post=356395"}],"version-history":[{"count":0,"href":"https:\/\/www.europesays.com\/fr\/wp-json\/wp\/v2\/posts\/356395\/revisions"}],"wp:featuredmedia":[{"embeddable":true,"href":"https:\/\/www.europesays.com\/fr\/wp-json\/wp\/v2\/media\/356396"}],"wp:attachment":[{"href":"https:\/\/www.europesays.com\/fr\/wp-json\/wp\/v2\/media?parent=356395"}],"wp:term":[{"taxonomy":"category","embeddable":true,"href":"https:\/\/www.europesays.com\/fr\/wp-json\/wp\/v2\/categories?post=356395"},{"taxonomy":"post_tag","embeddable":true,"href":"https:\/\/www.europesays.com\/fr\/wp-json\/wp\/v2\/tags?post=356395"}],"curies":[{"name":"wp","href":"https:\/\/api.w.org\/{rel}","templated":true}]}}