{"id":356399,"date":"2025-08-31T12:08:14","date_gmt":"2025-08-31T12:08:14","guid":{"rendered":"https:\/\/www.europesays.com\/fr\/356399\/"},"modified":"2025-08-31T12:08:14","modified_gmt":"2025-08-31T12:08:14","slug":"dua-lipa-partage-les-5-livres-qui-ont-eveille-sa-conscience-feministe","status":"publish","type":"post","link":"https:\/\/www.europesays.com\/fr\/356399\/","title":{"rendered":"Dua Lipa partage les 5 livres qui ont \u00e9veill\u00e9 sa conscience f\u00e9ministe"},"content":{"rendered":"<p>La star britannique Dua Lipa s\u2019est r\u00e9cemment ouverte sur les ouvrages qui ont profond\u00e9ment influenc\u00e9 sa vision du f\u00e9minisme. <a href=\"https:\/\/www.service95.com\/book-club\" rel=\"nofollow noopener\" target=\"_blank\">\u00c0 travers sa newsletter et son club de lecture Service95<\/a>, elle invite ses fans \u00e0 d\u00e9couvrir des voix fortes et engag\u00e9es.<\/p>\n<p>Des lectures engag\u00e9es et vari\u00e9es<\/p>\n<p>Parmi les livres mis en avant, on trouve des essais et romans qui explorent les questions de genre, d\u2019identit\u00e9 et de soci\u00e9t\u00e9. Chacun illustre une facette importante du combat f\u00e9ministe contemporain, depuis les r\u00e9cits personnels jusqu\u2019aux analyses sociopolitiques.<\/p>\n<ul>\n<li>\u00ab\u00a0King Kong Th\u00e9orie\u00a0\u00bb de Virginie Despentes, un manifeste incisif qui d\u00e9construit les rapports de pouvoir entre hommes et femmes dans une soci\u00e9t\u00e9 patriarcale.<\/li>\n<li>\u00ab\u00a0Le Deuxi\u00e8me Sexe\u00a0\u00bb de Simone de Beauvoir, un classique fondateur qui interroge la condition f\u00e9minine et la construction sociale des r\u00f4les de genre.<\/li>\n<li>\u00ab\u00a0Queenie\u00a0\u00bb de Candice Carty-Williams, roman qui aborde de front les enjeux raciaux et f\u00e9minins \u00e0 travers le portrait d\u2019une jeune femme noire en qu\u00eate d\u2019\u00e9mancipation.<\/li>\n<li>\u00ab\u00a0Bad Feminist\u00a0\u00bb de Roxane Gay, un essai qui r\u00e9concilie contradictions personnelles et engagement f\u00e9ministe dans la vie moderne.<\/li>\n<li>\u00ab\u00a0Les Monologues du vagin\u00a0\u00bb d\u2019Eve Ensler, une s\u00e9rie de t\u00e9moignages offrant un espace \u00e0 la parole f\u00e9minine sur la sexualit\u00e9 et les tabous.<\/li>\n<\/ul>\n<p>Une pop star engag\u00e9e qui promeut la culture f\u00e9ministe<\/p>\n<p>Dua Lipa s\u2019impose ainsi comme une voix influente allant au-del\u00e0 de la musique. Par ses lectures et ses initiatives culturelles, elle contribue \u00e0 diffuser un f\u00e9minisme inclusif et r\u00e9fl\u00e9chi, invitant son public \u00e0 s\u2019informer et \u00e0 s\u2019engager.<\/p>\n<p>En partageant ces lectures, Dua Lipa montre ainsi que l\u2019engagement f\u00e9ministe peut passer par tous les moyens d\u2019expression, y compris la culture et la litt\u00e9rature. En donnant acc\u00e8s \u00e0 ces voix puissantes et inspirantes, elle encourage chaque personne \u00e0 r\u00e9fl\u00e9chir sur les enjeux d\u2019\u00e9galit\u00e9, \u00e0 questionner les normes sociales et \u00e0 nourrir sa propre conscience critique. Son initiative rappelle que le f\u00e9minisme n\u2019est pas seulement un combat individuel, mais une d\u00e9marche collective qui se construit aussi \u00e0 travers le partage de savoirs et d\u2019exp\u00e9riences.<\/p>\n","protected":false},"excerpt":{"rendered":"La star britannique Dua Lipa s\u2019est r\u00e9cemment ouverte sur les ouvrages qui ont profond\u00e9ment influenc\u00e9 sa vision du&hellip;\n","protected":false},"author":2,"featured_media":356400,"comment_status":"","ping_status":"","sticky":false,"template":"","format":"standard","meta":{"footnotes":""},"categories":[1357],"tags":[1379,58,59,1011,27,1380,12],"class_list":{"0":"post-356399","1":"post","2":"type-post","3":"status-publish","4":"format-standard","5":"has-post-thumbnail","7":"category-livres","8":"tag-books","9":"tag-divertissement","10":"tag-entertainment","11":"tag-fr","12":"tag-france","13":"tag-livres","14":"tag-news"},"share_on_mastodon":{"url":"https:\/\/pubeurope.com\/@fr\/115123303470471390","error":""},"_links":{"self":[{"href":"https:\/\/www.europesays.com\/fr\/wp-json\/wp\/v2\/posts\/356399","targetHints":{"allow":["GET"]}}],"collection":[{"href":"https:\/\/www.europesays.com\/fr\/wp-json\/wp\/v2\/posts"}],"about":[{"href":"https:\/\/www.europesays.com\/fr\/wp-json\/wp\/v2\/types\/post"}],"author":[{"embeddable":true,"href":"https:\/\/www.europesays.com\/fr\/wp-json\/wp\/v2\/users\/2"}],"replies":[{"embeddable":true,"href":"https:\/\/www.europesays.com\/fr\/wp-json\/wp\/v2\/comments?post=356399"}],"version-history":[{"count":0,"href":"https:\/\/www.europesays.com\/fr\/wp-json\/wp\/v2\/posts\/356399\/revisions"}],"wp:featuredmedia":[{"embeddable":true,"href":"https:\/\/www.europesays.com\/fr\/wp-json\/wp\/v2\/media\/356400"}],"wp:attachment":[{"href":"https:\/\/www.europesays.com\/fr\/wp-json\/wp\/v2\/media?parent=356399"}],"wp:term":[{"taxonomy":"category","embeddable":true,"href":"https:\/\/www.europesays.com\/fr\/wp-json\/wp\/v2\/categories?post=356399"},{"taxonomy":"post_tag","embeddable":true,"href":"https:\/\/www.europesays.com\/fr\/wp-json\/wp\/v2\/tags?post=356399"}],"curies":[{"name":"wp","href":"https:\/\/api.w.org\/{rel}","templated":true}]}}