{"id":356412,"date":"2025-08-31T12:22:14","date_gmt":"2025-08-31T12:22:14","guid":{"rendered":"https:\/\/www.europesays.com\/fr\/356412\/"},"modified":"2025-08-31T12:22:14","modified_gmt":"2025-08-31T12:22:14","slug":"des-oeufs-ukrainiens-dans-les-supermarches-francais-antibiotiques-interdits-elevage-en-cage-la-profession-denonce-un-risque-sanitaire-2","status":"publish","type":"post","link":"https:\/\/www.europesays.com\/fr\/356412\/","title":{"rendered":"Des \u0153ufs ukrainiens dans les supermarch\u00e9s fran\u00e7ais\u00a0? Antibiotiques interdits, \u00e9levage en cage\u2026 La profession d\u00e9nonce un risque sanitaire"},"content":{"rendered":"<p>\n                                                                    l&rsquo;essentiel<br \/>\n                                                                Des \u0153ufs venus d\u2019Ukraine et suspect\u00e9s de contenir des antibiotiques interdits se retrouvent dans les rayons fran\u00e7ais. Le CNPO d\u00e9nonce un risque sanitaire et une concurrence d\u00e9loyale, et appelle les autorit\u00e9s \u00e0 agir sans d\u00e9lai.\n                            <\/p>\n<p>L\u2019importation d\u2019\u0153ufs en provenance d\u2019Ukraine inqui\u00e8te le Comit\u00e9 national pour la promotion de l\u2019\u0153uf (CNPO). L\u2019organisation tire la sonnette d\u2019alarme face \u00e0 l\u2019arriv\u00e9e massive de centaines de milliers d\u2019unit\u00e9s \u00ab\u00a0ne respectant pas les normes europ\u00e9ennes de production\u00a0\u00bb.<\/p>\n<p>Depuis le printemps, plusieurs cargaisons \u00e9tiquet\u00e9es \u00ab\u00a0code 3\u00a0\u00bb, indiquant un \u00e9levage en cage, ont \u00e9t\u00e9 rep\u00e9r\u00e9es dans les rayons de la grande distribution. Un cas notable a \u00e9t\u00e9 signal\u00e9 dans un magasin Leclerc \u00e0 Rouen, o\u00f9 environ 300\u00a0000 \u0153ufs ukrainiens ont \u00e9t\u00e9 identifi\u00e9s. L\u2019enseigne a imm\u00e9diatement \u00e9voqu\u00e9 une situation isol\u00e9e.<\/p>\n<p>En plus de conditions d\u2019\u00e9levage non conformes, certains lots pourraient contenir des substances interdites, notamment des antibiotiques jug\u00e9s dangereux pour la sant\u00e9 humaine.<\/p>\n<p>\u00ab\u00a0Concurrence d\u00e9loyale\u00a0\u00bb<\/p>\n<p>Le CNPO affirme que des analyses r\u00e9alis\u00e9es en Slovaquie et en Pologne ont r\u00e9v\u00e9l\u00e9 la pr\u00e9sence de r\u00e9sidus d\u2019antibiotiques interdits, bien que ces contr\u00f4les n\u2019aient pas \u00e9t\u00e9 effectu\u00e9s sur le sol fran\u00e7ais. En parall\u00e8le, elle demande une r\u00e9union urgente avec les enseignes de la grande distribution afin de mettre fin \u00e0 une situation qu\u2019elle qualifie de \u00ab\u00a0concurrence d\u00e9loyale\u00a0\u00bb.<\/p>\n<p>Interrog\u00e9e sur le sujet, la ministre de l\u2019Agriculture a exhort\u00e9 les distributeurs \u00e0 faire preuve d\u2019exemplarit\u00e9. Elle a aussi invit\u00e9 les consommateurs \u00e0 privil\u00e9gier les \u0153ufs produits en France, tout en s\u2019engageant \u00e0 porter le sujet \u00e0 Bruxelles pour exiger un encadrement plus strict des importations.<\/p>\n","protected":false},"excerpt":{"rendered":"l&rsquo;essentiel Des \u0153ufs venus d\u2019Ukraine et suspect\u00e9s de contenir des antibiotiques interdits se retrouvent dans les rayons fran\u00e7ais.&hellip;\n","protected":false},"author":2,"featured_media":356337,"comment_status":"","ping_status":"","sticky":false,"template":"","format":"standard","meta":{"footnotes":""},"categories":[6],"tags":[35,33,34,1011,27],"class_list":{"0":"post-356412","1":"post","2":"type-post","3":"status-publish","4":"format-standard","5":"has-post-thumbnail","7":"category-economie","8":"tag-business","9":"tag-economie","10":"tag-economy","11":"tag-fr","12":"tag-france"},"share_on_mastodon":{"url":"https:\/\/pubeurope.com\/@fr\/115123358745042408","error":""},"_links":{"self":[{"href":"https:\/\/www.europesays.com\/fr\/wp-json\/wp\/v2\/posts\/356412","targetHints":{"allow":["GET"]}}],"collection":[{"href":"https:\/\/www.europesays.com\/fr\/wp-json\/wp\/v2\/posts"}],"about":[{"href":"https:\/\/www.europesays.com\/fr\/wp-json\/wp\/v2\/types\/post"}],"author":[{"embeddable":true,"href":"https:\/\/www.europesays.com\/fr\/wp-json\/wp\/v2\/users\/2"}],"replies":[{"embeddable":true,"href":"https:\/\/www.europesays.com\/fr\/wp-json\/wp\/v2\/comments?post=356412"}],"version-history":[{"count":0,"href":"https:\/\/www.europesays.com\/fr\/wp-json\/wp\/v2\/posts\/356412\/revisions"}],"wp:featuredmedia":[{"embeddable":true,"href":"https:\/\/www.europesays.com\/fr\/wp-json\/wp\/v2\/media\/356337"}],"wp:attachment":[{"href":"https:\/\/www.europesays.com\/fr\/wp-json\/wp\/v2\/media?parent=356412"}],"wp:term":[{"taxonomy":"category","embeddable":true,"href":"https:\/\/www.europesays.com\/fr\/wp-json\/wp\/v2\/categories?post=356412"},{"taxonomy":"post_tag","embeddable":true,"href":"https:\/\/www.europesays.com\/fr\/wp-json\/wp\/v2\/tags?post=356412"}],"curies":[{"name":"wp","href":"https:\/\/api.w.org\/{rel}","templated":true}]}}