{"id":356413,"date":"2025-08-31T12:23:14","date_gmt":"2025-08-31T12:23:14","guid":{"rendered":"https:\/\/www.europesays.com\/fr\/356413\/"},"modified":"2025-08-31T12:23:14","modified_gmt":"2025-08-31T12:23:14","slug":"des-ecologistes-aspergent-de-peinture-la-facade-de-la-sagrada-familia-a-barcelone","status":"publish","type":"post","link":"https:\/\/www.europesays.com\/fr\/356413\/","title":{"rendered":"Des \u00e9cologistes aspergent de peinture la fa\u00e7ade de la Sagrada Familia \u00e0 Barcelone"},"content":{"rendered":"<p>Ce dimanche, la fa\u00e7ade de la Sagrada Familia \u00e0 <a href=\"https:\/\/www.20minutes.fr\/dossier\/barcelone\" class=\"c-link c-link--is-underlined\" target=\"_blank\" rel=\"noopener\">Barcelone <\/a>a \u00e9t\u00e9 asperg\u00e9e de peinture rouge. Deux militantes pour le climat ont voulu protester contre l\u2019inaction face \u00e0 la \u00ab\u00a0crise <a href=\"https:\/\/www.20minutes.fr\/dossier\/rechauffement-climatique\" class=\"c-link c-link--is-underlined\" target=\"_blank\" rel=\"noopener\">climatique\u00a0<\/a>\u00bb qui a favoris\u00e9, selon les \u00e9cologistes, les r\u00e9cents <a href=\"https:\/\/www.20minutes.fr\/planete\/feux-foret\/\" class=\"c-link c-link--is-underlined\" target=\"_blank\" rel=\"noopener\">incendies <\/a>de for\u00eat ayant ravag\u00e9 <a href=\"https:\/\/www.20minutes.fr\/dossier\/espagne\" class=\"c-link c-link--is-underlined\" target=\"_blank\" rel=\"noopener\">l\u2019Espagne<\/a>.<\/p>\n<p>Dans une vid\u00e9o publi\u00e9e par Futuro Vegetal sur les r\u00e9seaux sociaux, l\u2019on voit deux militantes de l\u2019association arr\u00eat\u00e9es par des agents de s\u00e9curit\u00e9 apr\u00e8s avoir asperg\u00e9 de peinture le bas d\u2019une colonne de la c\u00e9l\u00e8bre cath\u00e9drale, en criant\u00a0: \u00ab\u00a0Justice climatique\u00a0\u00bb. \u00ab\u00a0Par cette protestation, le collectif \u00e9cologiste d\u00e9nonce l\u2019absence de mesures du gouvernement contre la crise climatique et ses r\u00e9percussions sur les incendies qui ont d\u00e9vast\u00e9 la p\u00e9ninsule et une grande partie de l\u2019Europe cet \u00e9t\u00e9\u00a0\u00bb, a expliqu\u00e9 Futuro Vegetal dans un communiqu\u00e9.<\/p>\n<p class=\"mb-xxl@xs color-ultramarine font-weight-semi-bold@xs font-source-serif-pro heading-s@xs\">L\u2019acc\u00e8s \u00e0 ce contenu a \u00e9t\u00e9 bloqu\u00e9 afin de respecter votre choix de consentement<\/p>\n<p class=\"mb-m@xs text-l@xs\">En cliquant sur\u00ab J\u2019accepte \u00bb, vous acceptez le d\u00e9p\u00f4t de cookies par des services externes et aurez ainsi acc\u00e8s aux contenus de nos partenaires.<\/p>\n<p class=\"mb-xl@xs text-s@xs\">Plus d\u2019informations sur la page<a href=\"https:\/\/www.20minutes.fr\/gestion-cookies\" class=\"mx-xxs@xs color-ultramarine\" target=\"_blank\" rel=\"noopener\">Politique de gestion des cookies<\/a><\/p>\n<p>J\u2019accepteUne vague d\u2019incendies dramatiques<\/p>\n<p>La Sagrada Familia, con\u00e7ue par l\u2019architecte Antoni Gaud\u00ed (1852-1926) mais encore inachev\u00e9e, est l\u2019une des principales attractions de la ville touristique de Barcelone. <a href=\"https:\/\/www.20minutes.fr\/monde\/espagne\/4168524-20250819-incendies-espagne-feu-progresse-vite-surface-brulee-etablie-record\" class=\"c-link c-link--is-underlined\" target=\"_blank\" rel=\"noopener\">L\u2019Espagne a subi en ao\u00fbt une vague d\u2019incendies de for\u00eat dramatiques<\/a> qui ont caus\u00e9 la mort de quatre personnes et ravag\u00e9 plus de 350.000 hectares.<\/p>\n<\/p>\n<p>Ces incendies constituent \u00ab\u00a0l\u2019une des plus grandes catastrophes environnementales\u00a0\u00bb qu\u2019a connues le pays ces derni\u00e8res ann\u00e9es, selon le gouvernement de gauche, qui a li\u00e9 leur ampleur au changement climatique. Futuro Vegetal a r\u00e9alis\u00e9 des dizaines de protestations similaires ces derni\u00e8res ann\u00e9es, d\u00e9nonc\u00e9es comme du vandalisme par de nombreux mus\u00e9es, y compris une en\u00a02022 o\u00f9 ses militants ont coll\u00e9 leurs mains avec de la colle aux cadres des peintures du ma\u00eetre espagnol Francisco de Goya au Mus\u00e9e du Prado, \u00e0 <a href=\"https:\/\/www.20minutes.fr\/dossier\/madrid\" class=\"c-link c-link--is-underlined\" target=\"_blank\" rel=\"noopener\">Madrid<\/a>.<\/p>\n","protected":false},"excerpt":{"rendered":"Ce dimanche, la fa\u00e7ade de la Sagrada Familia \u00e0 Barcelone a \u00e9t\u00e9 asperg\u00e9e de peinture rouge. Deux militantes&hellip;\n","protected":false},"author":2,"featured_media":356414,"comment_status":"","ping_status":"","sticky":false,"template":"","format":"standard","meta":{"footnotes":""},"categories":[5],"tags":[47,11,4791,4734,123,1011,27,14,74,12,5140,28],"class_list":{"0":"post-356413","1":"post","2":"type-post","3":"status-publish","4":"format-standard","5":"has-post-thumbnail","7":"category-international","8":"tag-actualite","9":"tag-actualites","10":"tag-barcelone","11":"tag-changement-climatique","12":"tag-espagne","13":"tag-fr","14":"tag-france","15":"tag-international","16":"tag-monde","17":"tag-news","18":"tag-rechauffement-climatique","19":"tag-world"},"share_on_mastodon":{"url":"https:\/\/pubeurope.com\/@fr\/115123362380555630","error":""},"_links":{"self":[{"href":"https:\/\/www.europesays.com\/fr\/wp-json\/wp\/v2\/posts\/356413","targetHints":{"allow":["GET"]}}],"collection":[{"href":"https:\/\/www.europesays.com\/fr\/wp-json\/wp\/v2\/posts"}],"about":[{"href":"https:\/\/www.europesays.com\/fr\/wp-json\/wp\/v2\/types\/post"}],"author":[{"embeddable":true,"href":"https:\/\/www.europesays.com\/fr\/wp-json\/wp\/v2\/users\/2"}],"replies":[{"embeddable":true,"href":"https:\/\/www.europesays.com\/fr\/wp-json\/wp\/v2\/comments?post=356413"}],"version-history":[{"count":0,"href":"https:\/\/www.europesays.com\/fr\/wp-json\/wp\/v2\/posts\/356413\/revisions"}],"wp:featuredmedia":[{"embeddable":true,"href":"https:\/\/www.europesays.com\/fr\/wp-json\/wp\/v2\/media\/356414"}],"wp:attachment":[{"href":"https:\/\/www.europesays.com\/fr\/wp-json\/wp\/v2\/media?parent=356413"}],"wp:term":[{"taxonomy":"category","embeddable":true,"href":"https:\/\/www.europesays.com\/fr\/wp-json\/wp\/v2\/categories?post=356413"},{"taxonomy":"post_tag","embeddable":true,"href":"https:\/\/www.europesays.com\/fr\/wp-json\/wp\/v2\/tags?post=356413"}],"curies":[{"name":"wp","href":"https:\/\/api.w.org\/{rel}","templated":true}]}}