{"id":356415,"date":"2025-08-31T12:24:25","date_gmt":"2025-08-31T12:24:25","guid":{"rendered":"https:\/\/www.europesays.com\/fr\/356415\/"},"modified":"2025-08-31T12:24:25","modified_gmt":"2025-08-31T12:24:25","slug":"refus-dobtemperer-au-peage-de-sames-et-gendarme-violemment-percute-lauteur-presume-interpelle","status":"publish","type":"post","link":"https:\/\/www.europesays.com\/fr\/356415\/","title":{"rendered":"Refus d\u2019obtemp\u00e9rer au p\u00e9age de Sames et gendarme violemment percut\u00e9\u00a0: l\u2019auteur pr\u00e9sum\u00e9 interpell\u00e9"},"content":{"rendered":"<p>    La r\u00e9daction vous conseille<\/p>\n<p>Un gendarme de l\u2019escadron d\u00e9partemental de la s\u00e9curit\u00e9 routi\u00e8re (EDSR) avait \u00e9t\u00e9 gri\u00e8vement bless\u00e9, sur l\u2019autoroute A\u00a064, apr\u00e8s avoir \u00e9t\u00e9 violemment percut\u00e9 par un automobiliste qui a refus\u00e9 de s\u2019arr\u00eater au poste de contr\u00f4le \u00e9tabli par les militaires du groupe local de contr\u00f4le des flux (GLCF) de Bayonne.<\/p>\n<p>Il y avait cinq personnes alors dans le v\u00e9hicule. Les quatre passagers avaient \u00e9t\u00e9 interpell\u00e9s, puis plac\u00e9s en garde \u00e0 vue, mais le chauffard pr\u00e9sum\u00e9 s\u2019\u00e9tait enfui et \u00e9tait, depuis, activement recherch\u00e9.<\/p>\n<p>Pau et Mourenx<\/p>\n<p>L\u2019homme arr\u00eat\u00e9 ce samedi serait l\u2019auteur pr\u00e9sum\u00e9 de ce refus d\u2019obtemp\u00e9rer. Il aurait \u00e9t\u00e9 rep\u00e9r\u00e9 gr\u00e2ce \u00e0 son t\u00e9l\u00e9phone. <\/p>\n<p>Selon nos informations toujours, les personnes qui \u00e9taient dans le v\u00e9hicule ce jeudi soir r\u00e9sideraient tous en B\u00e9arn, \u00e0 Pau et Mourenx. Le conducteur a d&rsquo;ailleurs \u00e9t\u00e9 interpell\u00e9 en B\u00e9arn.<\/p>\n<p>La garde \u00e0 vue des passagers a \u00e9t\u00e9 lev\u00e9e samedi, sans poursuite \u00e0 ce stade. <\/p>\n","protected":false},"excerpt":{"rendered":"La r\u00e9daction vous conseille Un gendarme de l\u2019escadron d\u00e9partemental de la s\u00e9curit\u00e9 routi\u00e8re (EDSR) avait \u00e9t\u00e9 gri\u00e8vement bless\u00e9,&hellip;\n","protected":false},"author":2,"featured_media":356416,"comment_status":"","ping_status":"","sticky":false,"template":"","format":"standard","meta":{"footnotes":""},"categories":[4],"tags":[11,1011,27,12,25],"class_list":{"0":"post-356415","1":"post","2":"type-post","3":"status-publish","4":"format-standard","5":"has-post-thumbnail","7":"category-france","8":"tag-actualites","9":"tag-fr","10":"tag-france","11":"tag-news","12":"tag-republique-francaise"},"share_on_mastodon":{"url":"","error":""},"_links":{"self":[{"href":"https:\/\/www.europesays.com\/fr\/wp-json\/wp\/v2\/posts\/356415","targetHints":{"allow":["GET"]}}],"collection":[{"href":"https:\/\/www.europesays.com\/fr\/wp-json\/wp\/v2\/posts"}],"about":[{"href":"https:\/\/www.europesays.com\/fr\/wp-json\/wp\/v2\/types\/post"}],"author":[{"embeddable":true,"href":"https:\/\/www.europesays.com\/fr\/wp-json\/wp\/v2\/users\/2"}],"replies":[{"embeddable":true,"href":"https:\/\/www.europesays.com\/fr\/wp-json\/wp\/v2\/comments?post=356415"}],"version-history":[{"count":0,"href":"https:\/\/www.europesays.com\/fr\/wp-json\/wp\/v2\/posts\/356415\/revisions"}],"wp:featuredmedia":[{"embeddable":true,"href":"https:\/\/www.europesays.com\/fr\/wp-json\/wp\/v2\/media\/356416"}],"wp:attachment":[{"href":"https:\/\/www.europesays.com\/fr\/wp-json\/wp\/v2\/media?parent=356415"}],"wp:term":[{"taxonomy":"category","embeddable":true,"href":"https:\/\/www.europesays.com\/fr\/wp-json\/wp\/v2\/categories?post=356415"},{"taxonomy":"post_tag","embeddable":true,"href":"https:\/\/www.europesays.com\/fr\/wp-json\/wp\/v2\/tags?post=356415"}],"curies":[{"name":"wp","href":"https:\/\/api.w.org\/{rel}","templated":true}]}}