{"id":356419,"date":"2025-08-31T12:26:00","date_gmt":"2025-08-31T12:26:00","guid":{"rendered":"https:\/\/www.europesays.com\/fr\/356419\/"},"modified":"2025-08-31T12:26:00","modified_gmt":"2025-08-31T12:26:00","slug":"football-forme-au-sm-caen-noe-lebreton-sengage-avec-le-leader-dun-championnat-europeen","status":"publish","type":"post","link":"https:\/\/www.europesays.com\/fr\/356419\/","title":{"rendered":"Football. Form\u00e9 au SM Caen, No\u00e9 Lebreton s&rsquo;engage avec le leader d&rsquo;un championnat europ\u00e9en"},"content":{"rendered":"<p>            Par<br \/>\n        <strong><br \/>\n            <a href=\"https:\/\/actu.fr\/auteur\/alexandre-gourlaouen\" title=\"Consulter tous les articles de Alexandre Gourlaouen\" target=\"_blank\" rel=\"noopener\">Alexandre Gourlaouen<\/a><br \/>\n        <\/strong><\/p>\n<p>        Publi\u00e9 le<\/p>\n<p>            31 ao\u00fbt 2025 \u00e0 10h09        <\/p>\n<p>Il faisait partie de ce groupe de joueurs <b>qui souhaitent quitter le club<\/b> et qui ne seront pas retenus en cas d\u2019offre satisfaisante. Celle-ci \u00e0 finir par arriver dans les bureaux du <a href=\"https:\/\/actu.fr\/tag\/stade-malherbe-de-caen\" target=\"_blank\" rel=\"noopener\">Stade Malherbe Caen<\/a> puisque No\u00e9 Lebreton a \u00e9t\u00e9 officiellement transf\u00e9r\u00e9 samedi 30 ao\u00fbt 2025. Il va d\u00e9couvrir un nouveau championnat et rejoint<b> une \u00e9quipe en pleine confiance.<\/b><\/p>\n<p>Un potentiel encore \u00e0 confirmer<\/p>\n<p class=\" wall-content\">Arriv\u00e9e au SM Caen en 2017, No\u00e9 Lebreton fait partie de la fameuse g\u00e9n\u00e9ration 2004 <b>qui a men\u00e9 le club en finale de la Coupe Gambardella en 2022.<\/b> Il a sign\u00e9 son premier contrat professionnel \u00e0 l\u2019issue de cette finale. Il s\u2019est r\u00e9v\u00e9l\u00e9 <b>lors de la deuxi\u00e8me partie de saison 2023-2024<\/b> sous les ordres de Nicolas Seube, aidant le SM Caen <b>\u00e0 atteindre la 6\u00e8me place de Ligue 2.<\/b> Ses performances lui permettent de d\u00e9crocher quelques s\u00e9lections avec l\u2019Equipe de France U20.<\/p>\n<p class=\" wall-content\">Malheureusement, comme tous ses co\u00e9quipiers,<b> il n\u2019a pas confirm\u00e9 ensuite<\/b> et n\u2019a pas pu sauver le club de la rel\u00e9gation en National la saison suivante. Il rejoint donc<b> le NEC Nim\u00e8gue, actuellement leader d\u2019Eredivisie<\/b> (1\u00e8re division des Pays-Bas).\u00a0<\/p>\n<p class=\" wall-content\">Ce d\u00e9part ne sera<b> certainement pas le dernier<\/b> du c\u00f4t\u00e9 du SM Caen. Brahim Traor\u00e9 (annonc\u00e9 en Pologne) et Bilal Brahimi semble les plus proches de quitter le club. Des arriv\u00e9es, <b>notamment dans une d\u00e9fense centrale d\u00e9cim\u00e9e par les blessures<\/b>, pourraient aussi intervenir d\u2019ici lundi 1er septembre \u00e0 20 heures, fermeture officielle du mercato dans la plupart des championnats europ\u00e9ens.<\/p>\n<p class=\" wall-content\">Personnalisez votre actualit\u00e9 en ajoutant vos villes et m\u00e9dias en favori avec <a href=\"https:\/\/moncompte.actu.fr\" title=\"D\u00e9couvez Mon Actu\" rel=\"nofollow noopener\" data-trk=\"{&quot;cta&quot;:{&quot;action&quot;:&quot;https:\\\/\\\/moncompte.actu.fr&quot;,&quot;category&quot;:&quot;mon compte&quot;,&quot;from&quot;:&quot;article footer&quot;,&quot;name&quot;:&quot;Mon actu&quot;,&quot;type&quot;:&quot;cta&quot;}}\" target=\"_blank\">Mon Actu<\/a>.<\/p>\n","protected":false},"excerpt":{"rendered":"Par Alexandre Gourlaouen Publi\u00e9 le 31 ao\u00fbt 2025 \u00e0 10h09 Il faisait partie de ce groupe de joueurs&hellip;\n","protected":false},"author":2,"featured_media":356420,"comment_status":"","ping_status":"","sticky":false,"template":"","format":"standard","meta":{"footnotes":""},"categories":[1410],"tags":[63,1011,27,1745,60,266,1746],"class_list":{"0":"post-356419","1":"post","2":"type-post","3":"status-publish","4":"format-standard","5":"has-post-thumbnail","7":"category-football","8":"tag-football","9":"tag-fr","10":"tag-france","11":"tag-sport-caen","12":"tag-sports","13":"tag-stade-malherbe-de-caen","14":"tag-stade-michel-dornano"},"share_on_mastodon":{"url":"https:\/\/pubeurope.com\/@fr\/115123374214874504","error":""},"_links":{"self":[{"href":"https:\/\/www.europesays.com\/fr\/wp-json\/wp\/v2\/posts\/356419","targetHints":{"allow":["GET"]}}],"collection":[{"href":"https:\/\/www.europesays.com\/fr\/wp-json\/wp\/v2\/posts"}],"about":[{"href":"https:\/\/www.europesays.com\/fr\/wp-json\/wp\/v2\/types\/post"}],"author":[{"embeddable":true,"href":"https:\/\/www.europesays.com\/fr\/wp-json\/wp\/v2\/users\/2"}],"replies":[{"embeddable":true,"href":"https:\/\/www.europesays.com\/fr\/wp-json\/wp\/v2\/comments?post=356419"}],"version-history":[{"count":0,"href":"https:\/\/www.europesays.com\/fr\/wp-json\/wp\/v2\/posts\/356419\/revisions"}],"wp:featuredmedia":[{"embeddable":true,"href":"https:\/\/www.europesays.com\/fr\/wp-json\/wp\/v2\/media\/356420"}],"wp:attachment":[{"href":"https:\/\/www.europesays.com\/fr\/wp-json\/wp\/v2\/media?parent=356419"}],"wp:term":[{"taxonomy":"category","embeddable":true,"href":"https:\/\/www.europesays.com\/fr\/wp-json\/wp\/v2\/categories?post=356419"},{"taxonomy":"post_tag","embeddable":true,"href":"https:\/\/www.europesays.com\/fr\/wp-json\/wp\/v2\/tags?post=356419"}],"curies":[{"name":"wp","href":"https:\/\/api.w.org\/{rel}","templated":true}]}}