{"id":356421,"date":"2025-08-31T12:27:14","date_gmt":"2025-08-31T12:27:14","guid":{"rendered":"https:\/\/www.europesays.com\/fr\/356421\/"},"modified":"2025-08-31T12:27:14","modified_gmt":"2025-08-31T12:27:14","slug":"a-la-brasserie-geoffroy-guichard-on-mange-face-a-la-pelouse","status":"publish","type":"post","link":"https:\/\/www.europesays.com\/fr\/356421\/","title":{"rendered":"\u00e0 la Brasserie Geoffroy-Guichard, on mange face \u00e0 la pelouse"},"content":{"rendered":"<p>Avec sa capacit\u00e9 de 180 couverts et sa large terrasse, cette adresse hors du commun vit au rythme des supporters\u2026 Mais pas seulement\u00a0!<\/p>\n<p>Ouvert tous les midis, sept jours sur sept, avec un service les vendredis et samedis soir et en diffusion des matchs \u00e0 l\u2019ext\u00e9rieur, le restaurant le plus Vert de la ville recr\u00e9e l\u2019ambiance des trav\u00e9es\u00a0: ici, on vibre et on d\u00e9jeune face \u00e0 la pelouse.<\/p>\n<p>Une brasserie moderne et locavore<\/p>\n<p>\u00ab Notre id\u00e9e, c\u2019\u00e9tait d\u2019\u00eatre le prolongement du stade\u00a0: raconter le pass\u00e9, se projeter vers l\u2019avenir, rendre hommage aux grands hommes du club, sans se substituer au mus\u00e9e pour autant\u00a0\u00bb, confie J\u00e9r\u00e9my Guichard, \u00e0 la t\u00eate des lieux.<\/p>\n<p><strong>&gt;&gt;\u00a0<a href=\"https:\/\/www.leprogres.fr\/economie\/2025\/03\/23\/le-musee-des-verts-source-d-inspiration-pour-les-clubs-de-sport-professionnels\" target=\"_blank\" rel=\"noopener\">PSG, OL, ASM Clermont&#8230; Le mus\u00e9e des Verts inspire les clubs de&#8230;<\/a><\/strong><\/p>\n","protected":false},"excerpt":{"rendered":"Avec sa capacit\u00e9 de 180 couverts et sa large terrasse, cette adresse hors du commun vit au rythme&hellip;\n","protected":false},"author":2,"featured_media":356422,"comment_status":"","ping_status":"","sticky":false,"template":"","format":"standard","meta":{"footnotes":""},"categories":[9653],"tags":[1111,11,2430,1687,7539,1777,674,107,1011,27,3367,6016,12,2610,25,4001,7538,4604],"class_list":{"0":"post-356421","1":"post","2":"type-post","3":"status-publish","4":"format-standard","5":"has-post-thumbnail","7":"category-saint-etienne","8":"tag-actu","9":"tag-actualites","10":"tag-auvergne-rhone-alpes","11":"tag-culture-loisirs","12":"tag-edition-loire-sud","13":"tag-eu","14":"tag-europe","15":"tag-fil-info","16":"tag-fr","17":"tag-france","18":"tag-loire","19":"tag-magazine-cuisine-et-vins","20":"tag-news","21":"tag-recettes","22":"tag-republique-francaise","23":"tag-saint-etienne","24":"tag-saint-etienne-ville","25":"tag-selection-abonne"},"share_on_mastodon":{"url":"https:\/\/pubeurope.com\/@fr\/115123378114463375","error":""},"_links":{"self":[{"href":"https:\/\/www.europesays.com\/fr\/wp-json\/wp\/v2\/posts\/356421","targetHints":{"allow":["GET"]}}],"collection":[{"href":"https:\/\/www.europesays.com\/fr\/wp-json\/wp\/v2\/posts"}],"about":[{"href":"https:\/\/www.europesays.com\/fr\/wp-json\/wp\/v2\/types\/post"}],"author":[{"embeddable":true,"href":"https:\/\/www.europesays.com\/fr\/wp-json\/wp\/v2\/users\/2"}],"replies":[{"embeddable":true,"href":"https:\/\/www.europesays.com\/fr\/wp-json\/wp\/v2\/comments?post=356421"}],"version-history":[{"count":0,"href":"https:\/\/www.europesays.com\/fr\/wp-json\/wp\/v2\/posts\/356421\/revisions"}],"wp:featuredmedia":[{"embeddable":true,"href":"https:\/\/www.europesays.com\/fr\/wp-json\/wp\/v2\/media\/356422"}],"wp:attachment":[{"href":"https:\/\/www.europesays.com\/fr\/wp-json\/wp\/v2\/media?parent=356421"}],"wp:term":[{"taxonomy":"category","embeddable":true,"href":"https:\/\/www.europesays.com\/fr\/wp-json\/wp\/v2\/categories?post=356421"},{"taxonomy":"post_tag","embeddable":true,"href":"https:\/\/www.europesays.com\/fr\/wp-json\/wp\/v2\/tags?post=356421"}],"curies":[{"name":"wp","href":"https:\/\/api.w.org\/{rel}","templated":true}]}}