{"id":356423,"date":"2025-08-31T12:28:11","date_gmt":"2025-08-31T12:28:11","guid":{"rendered":"https:\/\/www.europesays.com\/fr\/356423\/"},"modified":"2025-08-31T12:28:11","modified_gmt":"2025-08-31T12:28:11","slug":"photos-le-marche-de-vandoeuvre-fete-50-ans-ce-dimanche-31-aout","status":"publish","type":"post","link":"https:\/\/www.europesays.com\/fr\/356423\/","title":{"rendered":"Photos . Le march\u00e9 de Vand\u0153uvre f\u00eate 50 ans ce dimanche 31 ao\u00fbt"},"content":{"rendered":"<p>Apr\u00e8s cinq d\u00e9cennies d\u2019existence, le march\u00e9 dominical de Vand\u0153uvre-l\u00e8s-Nancy reste l\u2019un des plus grands du Grand Est. Chaque dimanche, entre 120 et 150 commer\u00e7ants y installent leurs \u00e9tals, attirant de 6 000 \u00e0 8 000 visiteurs. Un demi-si\u00e8cle de convivialit\u00e9, de produits du terroir, de saveurs du monde\u2026 et une ambiance cosmopolite qui continue d\u2019animer les dimanches vandop\u00e9riens.<\/p>\n","protected":false},"excerpt":{"rendered":"Apr\u00e8s cinq d\u00e9cennies d\u2019existence, le march\u00e9 dominical de Vand\u0153uvre-l\u00e8s-Nancy reste l\u2019un des plus grands du Grand Est. Chaque&hellip;\n","protected":false},"author":2,"featured_media":356424,"comment_status":"","ping_status":"","sticky":false,"template":"","format":"standard","meta":{"footnotes":""},"categories":[9635],"tags":[1111,11,4406,1704,1777,674,1011,27,5325,2798,775,1702,12,25,5711],"class_list":{"0":"post-356423","1":"post","2":"type-post","3":"status-publish","4":"format-standard","5":"has-post-thumbnail","7":"category-nancy","8":"tag-actu","9":"tag-actualites","10":"tag-commerce-et-services","11":"tag-edition-nancy-et-agglomeration","12":"tag-eu","13":"tag-europe","14":"tag-fr","15":"tag-france","16":"tag-galerie-media","17":"tag-galerie-photo","18":"tag-grand-est","19":"tag-nancy","20":"tag-news","21":"tag-republique-francaise","22":"tag-vandoeuvre-les-nancy"},"share_on_mastodon":{"url":"https:\/\/pubeurope.com\/@fr\/115123382050163903","error":""},"_links":{"self":[{"href":"https:\/\/www.europesays.com\/fr\/wp-json\/wp\/v2\/posts\/356423","targetHints":{"allow":["GET"]}}],"collection":[{"href":"https:\/\/www.europesays.com\/fr\/wp-json\/wp\/v2\/posts"}],"about":[{"href":"https:\/\/www.europesays.com\/fr\/wp-json\/wp\/v2\/types\/post"}],"author":[{"embeddable":true,"href":"https:\/\/www.europesays.com\/fr\/wp-json\/wp\/v2\/users\/2"}],"replies":[{"embeddable":true,"href":"https:\/\/www.europesays.com\/fr\/wp-json\/wp\/v2\/comments?post=356423"}],"version-history":[{"count":0,"href":"https:\/\/www.europesays.com\/fr\/wp-json\/wp\/v2\/posts\/356423\/revisions"}],"wp:featuredmedia":[{"embeddable":true,"href":"https:\/\/www.europesays.com\/fr\/wp-json\/wp\/v2\/media\/356424"}],"wp:attachment":[{"href":"https:\/\/www.europesays.com\/fr\/wp-json\/wp\/v2\/media?parent=356423"}],"wp:term":[{"taxonomy":"category","embeddable":true,"href":"https:\/\/www.europesays.com\/fr\/wp-json\/wp\/v2\/categories?post=356423"},{"taxonomy":"post_tag","embeddable":true,"href":"https:\/\/www.europesays.com\/fr\/wp-json\/wp\/v2\/tags?post=356423"}],"curies":[{"name":"wp","href":"https:\/\/api.w.org\/{rel}","templated":true}]}}