{"id":356425,"date":"2025-08-31T12:34:12","date_gmt":"2025-08-31T12:34:12","guid":{"rendered":"https:\/\/www.europesays.com\/fr\/356425\/"},"modified":"2025-08-31T12:34:12","modified_gmt":"2025-08-31T12:34:12","slug":"toulon-prises-de-commandement-dunites-de-la-force-daction-navale","status":"publish","type":"post","link":"https:\/\/www.europesays.com\/fr\/356425\/","title":{"rendered":"TOULON : Prises de commandement d&rsquo;unit\u00e9s de la force d&rsquo;action navale"},"content":{"rendered":"<p style=\"text-align: left;\" align=\"center\"><strong>Mercredi 27 ao\u00fbt 2025, le contre-amiral (CA) Pannetier, adjoint organique pour la maitrise des fonds marins, a fait reconna\u00eetre le lieutenant de vaisseau (LV) Maxime Vignol comme commandant du b\u00e2timent base de plongeurs d\u00e9mineurs (BBPD) Ach\u00e9ron, en remplacement du lieutenant de vaisseau (LV) Thibaut Verdenal.<\/strong><\/p>\n<p style=\"text-align: left;\">Au cours des 13 mois de commandement du LV Thibaut Verdenal, les marins du BBPD Ach\u00e9ron ont particip\u00e9, au Portugal, \u00e0 l\u2019exercice REPMUS dont l\u2019objectif \u00e9tait l\u2019exp\u00e9rimentation de drones de surface et sous-marins, \u00e0 l\u2019exercice de guerre des mines en environnement portuaire CUTAWAY 24 avant de conduire un d\u00e9ploiement en Adriatique ax\u00e9 sur la plong\u00e9e et l\u2019expertise de munitions historiques.<\/p>\n<p style=\"text-align: left;\">Originaire de Haute Savoie, le LV Maxime Vignol int\u00e8gre l\u2019\u00c9cole navale en 2018. Apr\u00e8s un cursus de formation de surfacier dans la sp\u00e9cialit\u00e9 missilier artilleur, il est affect\u00e9 sur le patrouilleur de haute-mer (PHM) Commandant Ducuing o\u00f9 il assure les fonctions de chef de service Armes puis commandant adjoint op\u00e9rations au cours de deux missions Corymbe en Afrique de l\u2019Ouest. Il est ensuite affect\u00e9 sur l\u2019\u00e9quipage B de la fr\u00e9gate multi-missions (FREMM) Provence en qualit\u00e9 de chef du secteur Autod\u00e9fense, b\u00e2timent avec lequel il prend part aux d\u00e9ploiements GAN AKILA et CLEMENCEAU 25.<\/p>\n<p><img fetchpriority=\"high\" decoding=\"async\" class=\" wp-image-860371\" src=\"https:\/\/www.europesays.com\/fr\/wp-content\/uploads\/2025\/08\/PASSCOM-FPS-2.jpg\" alt=\"\" width=\"834\" height=\"557\"  \/><\/p>\n<p><img loading=\"lazy\" decoding=\"async\" class=\" wp-image-860372\" src=\"https:\/\/www.europesays.com\/fr\/wp-content\/uploads\/2025\/08\/PASSCOM-FPS.jpg\" alt=\"\" width=\"839\" height=\"559\"  \/><strong style=\"font-size: 16px;\">Flottille de Perfectionnement du Surfacier de Toulon<\/strong><\/p>\n<p style=\"text-align: left;\"><strong>Mercredi 27 ao\u00fbt 2025, le vice-amiral (VA) De Brian\u00e7on, amiral adjoint de l\u2019amiral commandant la Force d\u2019Action Navale (FAN) et chef d\u2019\u00e9tat-major de la FAN, a fait reconna\u00eetre le capitaine de fr\u00e9gate (CF) Guillaume Soubirant comme commandant de la Flottille de Perfectionnement du Surfacier, en remplacement du capitaine de vaisseau (CV) R\u00e9mi Coppens.<\/strong><\/p>\n<p style=\"text-align: left;\">Le CV R\u00e9mi Coppens a dirig\u00e9 pendant deux ans la transformation de l\u2019ancien Groupement de Transformation et de Renfort de Toulon (GTR\/T) en un centre de formation int\u00e9gr\u00e9 \u00e0 la Force d\u2019Action Navale : la Flottille de Perfectionnement du Surfacier de Toulon (FPS\/T). D\u00e9sormais une unit\u00e9 op\u00e9rationnelle compl\u00e8te, la FPS\/T offre des formations sp\u00e9cialis\u00e9es aux marins affect\u00e9s sur tous les porteurs de surface. Sous la direction du CV Coppens, la FPS\/T a diversifi\u00e9 ses formations, incluant des stages d\u2019adaptation, des sensibilisations et des sessions sur simulateur, pour toutes les unit\u00e9s de la Force d\u2019Action Navale. Elle propose \u00e9galement un soutien de proximit\u00e9 aux marins suivant un cursus de formation continue modularis\u00e9e (FCM), principalement des d\u00e9tecteurs anti-sous-marins et des \u00e9lectriciens, gr\u00e2ce notamment \u00e0 un logiciel de suivi sp\u00e9cifique appel\u00e9 FFAST. En outre, le CV R\u00e9mi Coppens aura contribu\u00e9 \u00e0 d\u00e9velopper le laboratoire d\u2019innovation de la Marine nationale \u00e0 Toulon (FANLAB\/T) et \u00e0 cr\u00e9er la section d\u2019emploi des plongeurs isol\u00e9s de la M\u00e9diterran\u00e9e (SEPIM). Tout ceci permettant de mieux soutenir les unit\u00e9s dans la mont\u00e9e en comp\u00e9tences de leurs marins, dans la perspective du combat naval de haute intensit\u00e9.<\/p>\n<p style=\"text-align: left;\">Originaire de Clermont-Ferrand, mari\u00e9 et p\u00e8re de deux gar\u00e7ons, le capitaine de fr\u00e9gate (CF) Guillaume Soubirant int\u00e8gre l\u2019\u00c9cole navale en 2001. Il sert \u00e0 bord des fr\u00e9gates anti-sous-marine bas\u00e9es \u00e0 Brest jusqu\u2019en 2013 et participe \u00e0 de nombreuses missions (escorte du porte-avions, lutte contre la piraterie, mission Corymbe, mission dans le Grand Nord et soutien \u00e0 la dissuasion).\u00a0 Apr\u00e8s un premier passage en \u00e9tat-major, il commande l\u2019aviso Enseigne de vaisseau Jacoubet de janvier 2015 \u00e0 ao\u00fbt 2016, avec lequel il prend notamment part \u00e0 la mission de d\u00e9fense maritime du territoire et \u00e0 la mission FRONTEX. Il assure ensuite la fonction d\u2019expert de son domaine de sp\u00e9cialit\u00e9, la \u00ab\u00a0lutte sous la mer\u00a0\u00bb au sein de l\u2019\u00e9tat-major de l\u2019amiral commandant la Force d\u2019Action Navale avant de rejoindre l\u2019Etat-major de la Marine \u00e0 Paris o\u00f9 il finalise le programme d\u2019armement FREMM. Il prend le commandement de la Flottille de Perfectionnement du Surfacier de Toulon le 27 ao\u00fbt 2025.<\/p>\n<p><strong>Photos Marine nationale.<\/strong><\/p>\n","protected":false},"excerpt":{"rendered":"Mercredi 27 ao\u00fbt 2025, le contre-amiral (CA) Pannetier, adjoint organique pour la maitrise des fonds marins, a fait&hellip;\n","protected":false},"author":2,"featured_media":356426,"comment_status":"","ping_status":"","sticky":false,"template":"","format":"standard","meta":{"footnotes":""},"categories":[9619],"tags":[1111,11,1777,674,1011,27,12,882,25,2310],"class_list":{"0":"post-356425","1":"post","2":"type-post","3":"status-publish","4":"format-standard","5":"has-post-thumbnail","7":"category-toulon","8":"tag-actu","9":"tag-actualites","10":"tag-eu","11":"tag-europe","12":"tag-fr","13":"tag-france","14":"tag-news","15":"tag-provence-alpes-cote-dazur","16":"tag-republique-francaise","17":"tag-toulon"},"share_on_mastodon":{"url":"","error":""},"_links":{"self":[{"href":"https:\/\/www.europesays.com\/fr\/wp-json\/wp\/v2\/posts\/356425","targetHints":{"allow":["GET"]}}],"collection":[{"href":"https:\/\/www.europesays.com\/fr\/wp-json\/wp\/v2\/posts"}],"about":[{"href":"https:\/\/www.europesays.com\/fr\/wp-json\/wp\/v2\/types\/post"}],"author":[{"embeddable":true,"href":"https:\/\/www.europesays.com\/fr\/wp-json\/wp\/v2\/users\/2"}],"replies":[{"embeddable":true,"href":"https:\/\/www.europesays.com\/fr\/wp-json\/wp\/v2\/comments?post=356425"}],"version-history":[{"count":0,"href":"https:\/\/www.europesays.com\/fr\/wp-json\/wp\/v2\/posts\/356425\/revisions"}],"wp:featuredmedia":[{"embeddable":true,"href":"https:\/\/www.europesays.com\/fr\/wp-json\/wp\/v2\/media\/356426"}],"wp:attachment":[{"href":"https:\/\/www.europesays.com\/fr\/wp-json\/wp\/v2\/media?parent=356425"}],"wp:term":[{"taxonomy":"category","embeddable":true,"href":"https:\/\/www.europesays.com\/fr\/wp-json\/wp\/v2\/categories?post=356425"},{"taxonomy":"post_tag","embeddable":true,"href":"https:\/\/www.europesays.com\/fr\/wp-json\/wp\/v2\/tags?post=356425"}],"curies":[{"name":"wp","href":"https:\/\/api.w.org\/{rel}","templated":true}]}}