{"id":356427,"date":"2025-08-31T12:35:10","date_gmt":"2025-08-31T12:35:10","guid":{"rendered":"https:\/\/www.europesays.com\/fr\/356427\/"},"modified":"2025-08-31T12:35:10","modified_gmt":"2025-08-31T12:35:10","slug":"toulon-un-panneau-oradour-sur-glane-depose-devant-le-domicile-dune-elue-de-gauche","status":"publish","type":"post","link":"https:\/\/www.europesays.com\/fr\/356427\/","title":{"rendered":"Toulon\u00a0: un panneau \u00ab\u00a0Oradour-sur-Glane\u00a0\u00bb d\u00e9pos\u00e9 devant le domicile d&rsquo;une \u00e9lue de gauche"},"content":{"rendered":"<p>Magali Brunel, t\u00eate de liste de la gauche aux \u00e9lections municipales \u00e0 Toulon a retrouv\u00e9 devant chez elle un panneau de la rue \u00ab\u00a0Oradour-sur-Glane\u00a0\u00bb arrach\u00e9. L&rsquo;\u00e9lue alerte sur les actes d&rsquo;effacement de la m\u00e9moire et s&rsquo;inqui\u00e8te d&rsquo;un climat d\u00e9l\u00e9t\u00e8re.<\/p>\n<p>Un panneau de la rue \u00ab\u00a0Oradour-sur-Glane\u00a0\u00bb a \u00e9t\u00e9 arrach\u00e9 et retrouv\u00e9 devant le domicile de la <strong>t\u00eate de liste de la gauche<\/strong> pour les \u00e9lections municipales \u00e0 Toulon, dans le Var. Magali Brunel avait remarqu\u00e9 la pr\u00e9sence d&rsquo;un panneau. Ce vendredi 29 ao\u00fbt, elle entend qu&rsquo;une plaque comm\u00e9morative a \u00e9t\u00e9\u00a0<a class=\"IciLink ici-link IciArticleLink g-ici-body-regular-1 underline brand svelte-lu7k6w\" href=\"https:\/\/www.francebleu.fr\/infos\/faits-divers-justice\/c-est-tres-difficile-l-incomprehension-apres-le-vol-d-une-plaque-commemorative-dans-le-cimetiere-d-oradour-sur-glane-4660373\" rel=\"nofollow noopener\" target=\"_blank\">arrach\u00e9e dans le village martyr d&rsquo;Oradour-sur-Glane<\/a>. L&rsquo;\u00e9lue habite pr\u00e8s d&rsquo;une rue qui porte ce nom, elle regarde la plaque et d\u00e9couvre l&rsquo;inscription.<\/p>\n<p>\u00ab\u00a0J&rsquo;ai d&rsquo;abord eu la r\u00e9volte de la citoyenne, c&rsquo;est un \u00e9v\u00e9nement tellement tragique, tellement injuste, tellement embl\u00e9matique de la barbarie de l&rsquo;arm\u00e9e nazie\u00a0\u00bb, r\u00e9agit Magali Brunel. Le <strong>massacre du 10 juin 1944<\/strong> dans ce village de Haute-Vienne, est le plus grand massacre de civils commis en France par les arm\u00e9es allemandes (643 victimes).<\/p>\n<p>\u00ab\u00a0Il ne s&rsquo;est pas t\u00e9l\u00e9port\u00e9 par magie\u00a0\u00bb<\/p>\n<p>La t\u00eate de liste de la gauche comprend tout de suite que <strong>ce n&rsquo;est pas un accident<\/strong>, le panneau semble avoir \u00e9t\u00e9 arrach\u00e9 d\u00e9lib\u00e9r\u00e9ment. Quant au d\u00e9p\u00f4t du panneau devant son domicile, Magali Brunel d\u00e9clare\u00a0: \u00ab\u00a0je ne porte aucune accusation, je ne l&rsquo;ai pas forc\u00e9ment associ\u00e9 \u00e0 une action contre moi. Mais le panneau ne s&rsquo;est pas t\u00e9l\u00e9port\u00e9 par magie devant mon domicile\u00a0\u00bb.<\/p>\n<p>L&rsquo;\u00e9lue n&rsquo;a <strong>pas port\u00e9 plainte<\/strong>, elle se dit \u00ab\u00a0inqui\u00e8te\u00a0\u00bb du climat g\u00e9n\u00e9ral qu&rsquo;elle juge \u00ab\u00a0d\u00e9l\u00e9t\u00e8re\u00a0\u00bb. C&rsquo;est d&rsquo;ailleurs en rentrant de la manifestation de protestation contre la pose d&rsquo;une st\u00e8le en hommage \u00ab\u00a0aux victimes du communisme\u00a0\u00bb \u00e0 Saint-Rapha\u00ebl, le samedi 23 ao\u00fbt, qu&rsquo;elle a commenc\u00e9 \u00e0 se poser des questions sur ce panneau dont elle n&rsquo;avait pas encore lu l&rsquo;inscription.<\/p>\n<p>Une campagne sereine<\/p>\n<p>La campagne pour les \u00e9lections municipales \u00e0 Toulon est d\u00e9j\u00e0 lanc\u00e9e. Toujours <strong>sans former d&rsquo;accusation<\/strong>, Magali Brunel appelle \u00e0 la \u00ab\u00a0vigilance collective\u00a0\u00bb.\u00a0 \u00ab\u00a0Il\u00a0faudra des v\u00e9rifications et assurer tout le monde que la campagne se d\u00e9roule en s\u00e9r\u00e9nit\u00e9 d\u00e9mocratique pour que chaque habitant puisse s&rsquo;exprimer et faire valoir son positionnement politique.\u00a0\u00bb, d\u00e9clare la t\u00eate de liste de la gauche.<\/p>\n<p>L&rsquo;\u00e9lue souligne tout de m\u00eame que la maire de Toulon Jos\u00e9e Massi a \u00e9t\u00e9 \u00ab\u00a0tout aussi indign\u00e9\u00a0\u00bb qu&rsquo;elle de cet acte. Magali Brunel alerte \u00e9galement sur un climat \u00ab\u00a0d&rsquo;effacement de la m\u00e9moire de la R\u00e9sistance et de r\u00e9visionnisme\u00a0\u00bb.<\/p>\n","protected":false},"excerpt":{"rendered":"Magali Brunel, t\u00eate de liste de la gauche aux \u00e9lections municipales \u00e0 Toulon a retrouv\u00e9 devant chez elle&hellip;\n","protected":false},"author":2,"featured_media":356428,"comment_status":"","ping_status":"","sticky":false,"template":"","format":"standard","meta":{"footnotes":""},"categories":[9619],"tags":[1111,11,1777,674,1011,27,12,882,25,2310],"class_list":{"0":"post-356427","1":"post","2":"type-post","3":"status-publish","4":"format-standard","5":"has-post-thumbnail","7":"category-toulon","8":"tag-actu","9":"tag-actualites","10":"tag-eu","11":"tag-europe","12":"tag-fr","13":"tag-france","14":"tag-news","15":"tag-provence-alpes-cote-dazur","16":"tag-republique-francaise","17":"tag-toulon"},"share_on_mastodon":{"url":"","error":""},"_links":{"self":[{"href":"https:\/\/www.europesays.com\/fr\/wp-json\/wp\/v2\/posts\/356427","targetHints":{"allow":["GET"]}}],"collection":[{"href":"https:\/\/www.europesays.com\/fr\/wp-json\/wp\/v2\/posts"}],"about":[{"href":"https:\/\/www.europesays.com\/fr\/wp-json\/wp\/v2\/types\/post"}],"author":[{"embeddable":true,"href":"https:\/\/www.europesays.com\/fr\/wp-json\/wp\/v2\/users\/2"}],"replies":[{"embeddable":true,"href":"https:\/\/www.europesays.com\/fr\/wp-json\/wp\/v2\/comments?post=356427"}],"version-history":[{"count":0,"href":"https:\/\/www.europesays.com\/fr\/wp-json\/wp\/v2\/posts\/356427\/revisions"}],"wp:featuredmedia":[{"embeddable":true,"href":"https:\/\/www.europesays.com\/fr\/wp-json\/wp\/v2\/media\/356428"}],"wp:attachment":[{"href":"https:\/\/www.europesays.com\/fr\/wp-json\/wp\/v2\/media?parent=356427"}],"wp:term":[{"taxonomy":"category","embeddable":true,"href":"https:\/\/www.europesays.com\/fr\/wp-json\/wp\/v2\/categories?post=356427"},{"taxonomy":"post_tag","embeddable":true,"href":"https:\/\/www.europesays.com\/fr\/wp-json\/wp\/v2\/tags?post=356427"}],"curies":[{"name":"wp","href":"https:\/\/api.w.org\/{rel}","templated":true}]}}