{"id":356431,"date":"2025-08-31T12:36:10","date_gmt":"2025-08-31T12:36:10","guid":{"rendered":"https:\/\/www.europesays.com\/fr\/356431\/"},"modified":"2025-08-31T12:36:10","modified_gmt":"2025-08-31T12:36:10","slug":"une-soiree-dj-a-ne-pas-manquer-le-5-septembre","status":"publish","type":"post","link":"https:\/\/www.europesays.com\/fr\/356431\/","title":{"rendered":"une soir\u00e9e DJ \u00e0 ne pas manquer le 5 septembre"},"content":{"rendered":"<p>Le jeudi 5 septembre, la plage priv\u00e9e du Carr\u00e9 Mer \u00e0 Palavas-les-Flots s\u2019appr\u00eatera \u00e0 accueillir le l\u00e9gendaire Philippe Corti pour un set DJ qui s\u2019annonce m\u00e9morable. Pr\u00e9parez-vous \u00e0 une nuit de folie o\u00f9 la musique, l\u2019ambiance et le cadre idyllique s\u2019entrem\u00ealeront pour une exp\u00e9rience inoubliable.<\/p>\n<p>Un cadre unique pour une ambiance de feu<\/p>\n<p>D\u00e8s la tomb\u00e9e du soleil, le c\u00e9l\u00e8bre plage priv\u00e9e se transformera en un v\u00e9ritable dancefloor \u00e0 ciel ouvert. Les lumi\u00e8res tamis\u00e9es du restaurant et les reflets de la mer M\u00e9diterran\u00e9e cr\u00e9eront une atmosph\u00e8re magique, propice \u00e0 la f\u00eate. C\u2019est dans ce d\u00e9cor de r\u00eave que <b>Philippe Corti<\/b>, ma\u00eetre incontest\u00e9 des platines, prendra les commandes pour faire vibrer la foule.<\/p>\n<p>Le retour du maestro des nuits<\/p>\n<p>Habitu\u00e9 \u00e0 enflammer les plus grands clubs et les soir\u00e9es les plus prestigieuses, Philippe Corti est une figure incontournable des nuits du sud de la France. Sa capacit\u00e9 \u00e0 lire le public et \u00e0 alterner entre tubes intemporels et rythmes actuels lui vaut une r\u00e9putation qui n\u2019est plus \u00e0 faire. Il proposera un set \u00e9clectique, m\u00ealant house, disco, et \u00e9lectro pour faire danser toutes les g\u00e9n\u00e9rations.<\/p>\n<p>R\u00e9servez votre place pour une nuit d\u2019exception<\/p>\n<p><strong>Apr\u00e8s Yann Muller, Petit Biscuit, Synapson<\/strong>, ne manquez pas cette occasion de vivre une soir\u00e9e unique avec cette figure incontournable de la r\u00e9gion. Que vous soyez un habitu\u00e9 des lieux ou un simple amateur de bonne musique, le concert DJ de Philippe Corti au Carr\u00e9 Mer le 5 septembre sera l\u2019\u00e9v\u00e9nement \u00e0 ne pas rater. Les r\u00e9servations seront fortement conseill\u00e9es pour garantir votre place et profiter pleinement de cette nuit d\u2019exception.<\/p>\n<p>Cocktails, musique, ambiance unique\u2026<\/p>\n<p>Venez vivre un moment de pur plaisir et de partage, et laissez-vous emporter par la magie du Carr\u00e9 Mer et le talent de Philippe Corti. Pr\u00e9parez vos meilleurs pas de danse et rendez-vous le 5 septembre pour une soir\u00e9e qui restera grav\u00e9e dans les m\u00e9moires.<\/p>\n<p>Plage priv\u00e9e La Carr\u00e9 Mer le vendredi 5 septembre de 19h \u00e0 minuit \u00e0 Villeneuve-les-Maguelonne<\/p>\n<p>\u00a0<\/p>\n<blockquote class=\"instagram-media\" style=\"background: #FFF; border: 0; border-radius: 3px; box-shadow: 0 0 1px 0 rgba(0,0,0,0.5),0 1px 10px 0 rgba(0,0,0,0.15); margin: 1px; max-width: 540px; min-width: 326px; padding: 0; width: calc(100% - 2px);\" data-instgrm-captioned=\"\" data-instgrm-permalink=\"https:\/\/www.instagram.com\/p\/DNn-tFNtTkW\/?utm_source=ig_embed&amp;utm_campaign=loading\" data-instgrm-version=\"14\">\n<\/blockquote>\n<p>\t\t\t\t\t\t\t\t\t\t\t\t\t\t\t<script async src=\"\/\/www.instagram.com\/embed.js\"><\/script><\/p>\n","protected":false},"excerpt":{"rendered":"Le jeudi 5 septembre, la plage priv\u00e9e du Carr\u00e9 Mer \u00e0 Palavas-les-Flots s\u2019appr\u00eatera \u00e0 accueillir le l\u00e9gendaire Philippe&hellip;\n","protected":false},"author":2,"featured_media":356432,"comment_status":"","ping_status":"","sticky":false,"template":"","format":"standard","meta":{"footnotes":""},"categories":[9599],"tags":[1111,11,1777,674,1011,27,2208,12,2680,25],"class_list":{"0":"post-356431","1":"post","2":"type-post","3":"status-publish","4":"format-standard","5":"has-post-thumbnail","7":"category-montpellier","8":"tag-actu","9":"tag-actualites","10":"tag-eu","11":"tag-europe","12":"tag-fr","13":"tag-france","14":"tag-montpellier","15":"tag-news","16":"tag-occitanie","17":"tag-republique-francaise"},"share_on_mastodon":{"url":"https:\/\/pubeurope.com\/@fr\/115123413638133160","error":""},"_links":{"self":[{"href":"https:\/\/www.europesays.com\/fr\/wp-json\/wp\/v2\/posts\/356431","targetHints":{"allow":["GET"]}}],"collection":[{"href":"https:\/\/www.europesays.com\/fr\/wp-json\/wp\/v2\/posts"}],"about":[{"href":"https:\/\/www.europesays.com\/fr\/wp-json\/wp\/v2\/types\/post"}],"author":[{"embeddable":true,"href":"https:\/\/www.europesays.com\/fr\/wp-json\/wp\/v2\/users\/2"}],"replies":[{"embeddable":true,"href":"https:\/\/www.europesays.com\/fr\/wp-json\/wp\/v2\/comments?post=356431"}],"version-history":[{"count":0,"href":"https:\/\/www.europesays.com\/fr\/wp-json\/wp\/v2\/posts\/356431\/revisions"}],"wp:featuredmedia":[{"embeddable":true,"href":"https:\/\/www.europesays.com\/fr\/wp-json\/wp\/v2\/media\/356432"}],"wp:attachment":[{"href":"https:\/\/www.europesays.com\/fr\/wp-json\/wp\/v2\/media?parent=356431"}],"wp:term":[{"taxonomy":"category","embeddable":true,"href":"https:\/\/www.europesays.com\/fr\/wp-json\/wp\/v2\/categories?post=356431"},{"taxonomy":"post_tag","embeddable":true,"href":"https:\/\/www.europesays.com\/fr\/wp-json\/wp\/v2\/tags?post=356431"}],"curies":[{"name":"wp","href":"https:\/\/api.w.org\/{rel}","templated":true}]}}