{"id":356439,"date":"2025-08-31T12:42:09","date_gmt":"2025-08-31T12:42:09","guid":{"rendered":"https:\/\/www.europesays.com\/fr\/356439\/"},"modified":"2025-08-31T12:42:09","modified_gmt":"2025-08-31T12:42:09","slug":"cette-famille-a-construit-son-bolide-pour-une-course-de-caisses-a-savon","status":"publish","type":"post","link":"https:\/\/www.europesays.com\/fr\/356439\/","title":{"rendered":"cette famille a construit son bolide pour une course de caisses \u00e0 savon"},"content":{"rendered":"<p>            Par<br \/>\n        <strong><br \/>\n            <a href=\"https:\/\/actu.fr\/auteur\/redaction-jv\" title=\"Consulter tous les articles de R\u00e9daction Vitr\u00e9\" rel=\"nofollow noopener\" target=\"_blank\">R\u00e9daction Vitr\u00e9<\/a><br \/>\n        <\/strong><\/p>\n<p>        Publi\u00e9 le<\/p>\n<p>            31 ao\u00fbt 2025 \u00e0 12h06        <\/p>\n<p>Elles d\u00e9valeront <b>le boulevard Barbot de Noyal-sur-Vilaine<\/b> (Ille-et-Vilaine), avec d\u00e9part pr\u00e8s du Corner bistro, le samedi 6\u00a0septembre, pour une arriv\u00e9e pr\u00e8s de la gare, soit 500\u00a0m\u00e8tres plus bas.<\/p>\n<p class=\" wall-content\"><b>Une vingtaine de caisses \u00e0 savon<\/b> feront le spectacle gratuit, contournant les emb\u00fbches\u2009: dos d\u2019\u00e2nes, ralentisseurs, chicanes, ronds-points.<\/p>\n<p>Une famille de quatre enfants<\/p>\n<p class=\" wall-content\">Pas de moyen de propulsion thermique ou \u00e9lectrique, la descente \u00e9tant seulement assur\u00e9e par <b>la pente de la route<\/b>.<\/p>\n<p class=\" wall-content\">Parmi elles, <b>des bolides made in Noyal<\/b> dont celui fabriqu\u00e9 \u00e0 la ferme de Croyal chez <b>Jean-Philippe et Anne-Catherine Brossault.<\/b> Parmi leurs quatre enfants, c\u2019est Justine, 19\u00a0ans, en BTS production agricole qui a pris l\u2019initiative et s\u2019est procur\u00e9 le cahier des charges.<\/p>\n<p class=\" wall-content\">\u00ab\u2009Un cahier assez strict et tr\u00e8s ax\u00e9 sur la s\u00e9curit\u00e9\u2009\u00bb, commente Th\u00e9o Malaboeuf, 23\u00a0ans, son compagnon habitant Elven, et travaillant dans le milieu agricole.<\/p>\n<p>Vid\u00e9os : en ce moment sur Actu\u00ab\u2009On est parti de z\u00e9ro\u2009\u00bb<\/p>\n<p class=\" wall-content\">\u00ab\u2009Freins sur deux roues, ceinture de s\u00e9curit\u00e9\u2009\u00bb, ainsi que pour le pilote \u00ab\u2009casque, teeshirt, manches longues, gants, chaussures bien ferm\u00e9es\u2009\u00bb.<\/p>\n<p class=\" wall-content\">Il pilotera le bolide fabriqu\u00e9 \u00ab\u2009\u00e0 partir d\u2019un tracteur tondeuse d\u00e9soss\u00e9 appartenant \u00e0 Th\u00e9o\u2009\u00bb, explique Justine. \u00ab\u2009<b>On est parti de z\u00e9ro<\/b>. On a r\u00e9cup\u00e9r\u00e9 les deux essieux, le ch\u00e2ssis, les roues, le volant.\u2009\u00bb<\/p>\n<p>Votre r\u00e9gion, votre actu !<\/p>\n<p>Recevez chaque jour les infos qui comptent pour vous.<\/p>\n<p>\t<a href=\"https:\/\/actu.fr\/newsletter\" class=\"ac-btn ac-btn--corner ac-btn--medium ac-btn--blue800\" rel=\"nofollow noopener\" target=\"_blank\">S&rsquo;incrire<\/a><\/p>\n<p class=\" wall-content\">Le\u00a0si\u00e8ge provient d\u2019un autre tracteur. Le freinage est assur\u00e9 par des freins de v\u00e9los avec des plaquettes neuves achet\u00e9es.<\/p>\n<p class=\" wall-content\">Finie, la caisse fabriqu\u00e9e en contreplaqu\u00e9 ressemblera \u00e0 \u00ab\u2009un tracteur de la Marque Claas avec roues rouges\u2009\u00bb, une marque de tracteurs bien connue sur Noyal.<\/p>\n<p>Un \u00e9v\u00e9nement solidaire pour le T\u00e9l\u00e9thon<\/p>\n<p class=\" wall-content\">D\u00e9sormais, Th\u00e9o et Justine vont s\u2019activer pour la finition et le grand jour, sous le regard bienveillant de Jean-Philippe et Anne-Catherine qui leur laisse toute initiative.<\/p>\n<p class=\" wall-content\">\u00ab\u2009C\u2019est eux qui ont voulu participer et puis c\u2019est bien <b>pour la commune et le T\u00e9l\u00e9thon.<\/b>\u2009\u00bb<\/p>\n<p class=\" wall-content\">En effet, cette manifestation, organis\u00e9e par <b>Challenges solidarit\u00e9 Noyal <\/b>est au profit du T\u00e9l\u00e9thon, qui se d\u00e9roulera les 5 et 6\u00a0d\u00e9cembre, au niveau national, pour la 30e \u00e9dition.<\/p>\n<p class=\" wall-content\">\u00ab\u2009Une manifestation qui sera suivie par un nombreux public\u2009\u00bb, esp\u00e8rent les organisateurs, puisque \u00ab\u2009seuls les b\u00e9n\u00e9fices de la restauration et de la buvette renteront dans la caisse du T\u00e9l\u00e9thon\u2009\u00bb, <b>l\u2019entr\u00e9e \u00e9tant gratuite.<\/b><\/p>\n<p>Pratique : samedi 6 septembre de 8 h \u00e0 18 h, au centre bourg de Noyal-sur-Vilaine, courses de caisses \u00e0 savon au profit du T\u00e9l\u00e9thon. Entr\u00e9e gratuite. Buvette, restauration. D\u00e9part en haut du boulevard Barbot pr\u00e8s du Corner bistro et boulangerie Umami.<\/p>\n<p class=\" wall-content\">Personnalisez votre actualit\u00e9 en ajoutant vos villes et m\u00e9dias en favori avec <a href=\"https:\/\/moncompte.actu.fr\" title=\"D\u00e9couvez Mon Actu\" rel=\"nofollow noopener\" data-trk=\"{&quot;cta&quot;:{&quot;action&quot;:&quot;https:\\\/\\\/moncompte.actu.fr&quot;,&quot;category&quot;:&quot;mon compte&quot;,&quot;from&quot;:&quot;article footer&quot;,&quot;name&quot;:&quot;Mon actu&quot;,&quot;type&quot;:&quot;cta&quot;}}\" target=\"_blank\">Mon Actu<\/a>.<\/p>\n","protected":false},"excerpt":{"rendered":"Par R\u00e9daction Vitr\u00e9 Publi\u00e9 le 31 ao\u00fbt 2025 \u00e0 12h06 Elles d\u00e9valeront le boulevard Barbot de Noyal-sur-Vilaine (Ille-et-Vilaine),&hellip;\n","protected":false},"author":2,"featured_media":356440,"comment_status":"","ping_status":"","sticky":false,"template":"","format":"standard","meta":{"footnotes":""},"categories":[2821],"tags":[1111,11,829,1777,674,1011,27,1757,12,584,25],"class_list":{"0":"post-356439","1":"post","2":"type-post","3":"status-publish","4":"format-standard","5":"has-post-thumbnail","7":"category-rennes","8":"tag-actu","9":"tag-actualites","10":"tag-bretagne","11":"tag-eu","12":"tag-europe","13":"tag-fr","14":"tag-france","15":"tag-insolite","16":"tag-news","17":"tag-rennes","18":"tag-republique-francaise"},"share_on_mastodon":{"url":"https:\/\/pubeurope.com\/@fr\/115123437157760313","error":""},"_links":{"self":[{"href":"https:\/\/www.europesays.com\/fr\/wp-json\/wp\/v2\/posts\/356439","targetHints":{"allow":["GET"]}}],"collection":[{"href":"https:\/\/www.europesays.com\/fr\/wp-json\/wp\/v2\/posts"}],"about":[{"href":"https:\/\/www.europesays.com\/fr\/wp-json\/wp\/v2\/types\/post"}],"author":[{"embeddable":true,"href":"https:\/\/www.europesays.com\/fr\/wp-json\/wp\/v2\/users\/2"}],"replies":[{"embeddable":true,"href":"https:\/\/www.europesays.com\/fr\/wp-json\/wp\/v2\/comments?post=356439"}],"version-history":[{"count":0,"href":"https:\/\/www.europesays.com\/fr\/wp-json\/wp\/v2\/posts\/356439\/revisions"}],"wp:featuredmedia":[{"embeddable":true,"href":"https:\/\/www.europesays.com\/fr\/wp-json\/wp\/v2\/media\/356440"}],"wp:attachment":[{"href":"https:\/\/www.europesays.com\/fr\/wp-json\/wp\/v2\/media?parent=356439"}],"wp:term":[{"taxonomy":"category","embeddable":true,"href":"https:\/\/www.europesays.com\/fr\/wp-json\/wp\/v2\/categories?post=356439"},{"taxonomy":"post_tag","embeddable":true,"href":"https:\/\/www.europesays.com\/fr\/wp-json\/wp\/v2\/tags?post=356439"}],"curies":[{"name":"wp","href":"https:\/\/api.w.org\/{rel}","templated":true}]}}