{"id":356442,"date":"2025-08-31T12:46:13","date_gmt":"2025-08-31T12:46:13","guid":{"rendered":"https:\/\/www.europesays.com\/fr\/356442\/"},"modified":"2025-08-31T12:46:13","modified_gmt":"2025-08-31T12:46:13","slug":"apres-lagression-mortelle-dun-pere-devant-son-fils-trois-hommes-mis-en-examen","status":"publish","type":"post","link":"https:\/\/www.europesays.com\/fr\/356442\/","title":{"rendered":"Apr\u00e8s l\u2019agression mortelle d\u2019un p\u00e8re devant son fils, trois hommes mis en examen"},"content":{"rendered":"<p>Il a \u00e9t\u00e9 tu\u00e9 \u00e0 l\u2019arme blanche en pleine rue jeudi \u00e0 Vand\u0153uvre-l\u00e8s-Nancy (<a href=\"https:\/\/www.20minutes.fr\/dossier\/meurthe-et-moselle\" class=\"c-link c-link--is-underlined\" rel=\"nofollow noopener\" target=\"_blank\">Meurthe-et-Moselle<\/a>) et son fils bless\u00e9. Trois jours apr\u00e8s l\u2019agression de deux Arm\u00e9niens \u00e2g\u00e9s de 61 et 27 ans, trois personnes ont \u00e9t\u00e9 mises en examen et plac\u00e9s en d\u00e9tention provisoire, d&rsquo;apr\u00e8s le parquet de <a href=\"https:\/\/www.20minutes.fr\/dossier\/nancy\" class=\"c-link c-link--is-underlined\" rel=\"nofollow noopener\" target=\"_blank\">Nancy <\/a>ce dimanche.<\/p>\n<p>Selon les premiers \u00e9l\u00e9ments de l\u2019enqu\u00eate, un diff\u00e9rend familial serait \u00e0 l\u2019origine de ce drame, le fils \u00e9tant <a href=\"https:\/\/www.20minutes.fr\/dossier\/divorce\" class=\"c-link c-link--is-underlined\" rel=\"nofollow noopener\" target=\"_blank\">en instance de s\u00e9paration<\/a> d\u2019avec son \u00e9pouse. Le p\u00e8re et le fr\u00e8re de cette derni\u00e8re ainsi qu\u2019un ami proche de la famille de la jeune femme avaient rapidement \u00e9t\u00e9 interpell\u00e9s apr\u00e8s le drame.<\/p>\n<\/p>\n<p>L\u2019ami de la famille, n\u00e9 en\u00a01973 en G\u00e9orgie, a \u00e9t\u00e9 mis en examen <a href=\"https:\/\/www.20minutes.fr\/dossier\/assassinat\" class=\"c-link c-link--is-underlined\" rel=\"nofollow noopener\" target=\"_blank\">pour assassinat<\/a> et tentative d\u2019assassinat. Le p\u00e8re de l\u2019\u00e9pouse, \u00e9galement n\u00e9 en\u00a01973 en G\u00e9orgie, a pour sa part \u00e9t\u00e9 plac\u00e9 sous le statut de t\u00e9moin assist\u00e9 du chef d\u2019assassinat. Il a, ainsi que son fils, n\u00e9 en Russie en\u00a02004, \u00e9t\u00e9 mis en examen pour violences en r\u00e9union et avec usage d\u2019une arme ayant entra\u00een\u00e9 une ITT inf\u00e9rieure ou \u00e9gale huit jours.<\/p>\n","protected":false},"excerpt":{"rendered":"Il a \u00e9t\u00e9 tu\u00e9 \u00e0 l\u2019arme blanche en pleine rue jeudi \u00e0 Vand\u0153uvre-l\u00e8s-Nancy (Meurthe-et-Moselle) et son fils bless\u00e9.&hellip;\n","protected":false},"author":2,"featured_media":356443,"comment_status":"","ping_status":"","sticky":false,"template":"","format":"standard","meta":{"footnotes":""},"categories":[9635],"tags":[1111,47,11,1120,6744,1777,674,118,1011,27,775,776,3457,777,1702,12,25,5510,5158],"class_list":{"0":"post-356442","1":"post","2":"type-post","3":"status-publish","4":"format-standard","5":"has-post-thumbnail","7":"category-nancy","8":"tag-actu","9":"tag-actualite","10":"tag-actualites","11":"tag-agression","12":"tag-assassinat","13":"tag-eu","14":"tag-europe","15":"tag-faits-divers","16":"tag-fr","17":"tag-france","18":"tag-grand-est","19":"tag-lorraine","20":"tag-meurthe-et-moselle","21":"tag-meurtre","22":"tag-nancy","23":"tag-news","24":"tag-republique-francaise","25":"tag-rixe","26":"tag-tentative-dassassinat"},"share_on_mastodon":{"url":"https:\/\/pubeurope.com\/@fr\/115123452815613471","error":""},"_links":{"self":[{"href":"https:\/\/www.europesays.com\/fr\/wp-json\/wp\/v2\/posts\/356442","targetHints":{"allow":["GET"]}}],"collection":[{"href":"https:\/\/www.europesays.com\/fr\/wp-json\/wp\/v2\/posts"}],"about":[{"href":"https:\/\/www.europesays.com\/fr\/wp-json\/wp\/v2\/types\/post"}],"author":[{"embeddable":true,"href":"https:\/\/www.europesays.com\/fr\/wp-json\/wp\/v2\/users\/2"}],"replies":[{"embeddable":true,"href":"https:\/\/www.europesays.com\/fr\/wp-json\/wp\/v2\/comments?post=356442"}],"version-history":[{"count":0,"href":"https:\/\/www.europesays.com\/fr\/wp-json\/wp\/v2\/posts\/356442\/revisions"}],"wp:featuredmedia":[{"embeddable":true,"href":"https:\/\/www.europesays.com\/fr\/wp-json\/wp\/v2\/media\/356443"}],"wp:attachment":[{"href":"https:\/\/www.europesays.com\/fr\/wp-json\/wp\/v2\/media?parent=356442"}],"wp:term":[{"taxonomy":"category","embeddable":true,"href":"https:\/\/www.europesays.com\/fr\/wp-json\/wp\/v2\/categories?post=356442"},{"taxonomy":"post_tag","embeddable":true,"href":"https:\/\/www.europesays.com\/fr\/wp-json\/wp\/v2\/tags?post=356442"}],"curies":[{"name":"wp","href":"https:\/\/api.w.org\/{rel}","templated":true}]}}