{"id":356448,"date":"2025-08-31T12:52:18","date_gmt":"2025-08-31T12:52:18","guid":{"rendered":"https:\/\/www.europesays.com\/fr\/356448\/"},"modified":"2025-08-31T12:52:18","modified_gmt":"2025-08-31T12:52:18","slug":"nice-heliotrope-cest-la-rentree-avec-un-festival-cest-trop-court","status":"publish","type":"post","link":"https:\/\/www.europesays.com\/fr\/356448\/","title":{"rendered":"NICE : H\u00e9liotrope, c&rsquo;est la rentr\u00e9e avec un festival c&rsquo;est trop court !"},"content":{"rendered":"<p style=\"text-align: left;\"><strong>Jusqu\u2019au 10 septembre, les pass pour la 25\u00e8me \u00e9dition du Festival sont en r\u00e9duction en tarif Early Bird (pr\u00e9vente) pour profiter de 8 jours de courts m\u00e9trages du 3 au 10 octobre 2025.<\/strong><\/p>\n<p style=\"text-align: left;\">N\u2019attendez plus et participez \u00e0 l\u2019\u00e9v\u00e9nement cin\u00e9matographique de la rentr\u00e9e ni\u00e7oise !<\/p>\n<p style=\"text-align: left;\"><a href=\"http:\/\/xl2z6.mjt.lu\/lnk\/AWYAAHu2hvAAAc3pi3IAAHO3GyIAAXjXr8YAm8YBAA6FugBosbNOreuOgPnzTiijwyN1KiyE7wAOXWE\/1\/A9UcY9HPUbFVUpO8AohyPg\/aHR0cHM6Ly93d3cuaGVsbG9hc3NvLmNvbS9hc3NvY2lhdGlvbnMvaGVsaW90cm9wZS9ldmVuZW1lbnRzL3VuLWZlc3RpdmFsLWMtZXN0LXRyb3AtY291cnQtMjAyNC0y\" rel=\"nofollow noopener\" target=\"_blank\">Acc\u00e9der \u00e0 la billetterie<\/a><\/p>\n<p style=\"text-align: left;\"><strong>Professionnels<\/strong><\/p>\n<p style=\"text-align: left;\">Les accr\u00e9ditations professionnelles pour l\u2019\u00e9dition 2025 sont d\u00e9sormais ouvertes. Si vous \u00eates un professionnel souhaitant participer \u00e0 ce rendez-vous annuel, merci de remplir le formulaire ci-dessous.<\/p>\n<p style=\"text-align: left;\"><a href=\"http:\/\/xl2z6.mjt.lu\/lnk\/AWYAAHu2hvAAAc3pi3IAAHO3GyIAAXjXr8YAm8YBAA6FugBosbNOreuOgPnzTiijwyN1KiyE7wAOXWE\/2\/x89D9qpx0zmSocrvO1fEGg\/aHR0cHM6Ly9kb2NzLmdvb2dsZS5jb20vZm9ybXMvZC9lLzFGQUlwUUxTZV9hc3Naemp6MFdUbFVRNXk3N185cGZ6dmtmVE5LdW16RUxfZGt1Vm16VjU5bHpnL3ZpZXdmb3JtP3VzcD1kaWFsb2c\" rel=\"nofollow noopener\" target=\"_blank\">Je demande mon accr\u00e9ditation<\/a><\/p>\n<p style=\"text-align: left;\"><strong>Le rendez-vous de la rentr\u00e9e<\/strong><\/p>\n<p style=\"text-align: left;\">L\u2019automne de l\u2019image regroupe les \u00e9v\u00e9nements culturels sous toutes leurs formes \u2013 photographie, cin\u00e9ma, vid\u00e9o \u2013 qui se d\u00e9ploient chaque automne \u00e0 Nice.<\/p>\n<p style=\"text-align: left;\">Produit par le collectif La Bande Passante, cette manifestation f\u00e9d\u00e8re une dizaine de structure engag\u00e9es dans la cr\u00e9ation, la diffusion et l\u2019\u00e9ducation \u00e0 l\u2019image.<\/p>\n<p style=\"text-align: left;\">L\u2019automne de l\u2019image est \u00e0 retrouver dans diff\u00e9rents lieux culturels de la Ville de Nice notamment le 109, p\u00f4le de cultures contemporaines.<\/p>\n<p style=\"text-align: left;\"><a href=\"http:\/\/xl2z6.mjt.lu\/lnk\/AWYAAHu2hvAAAc3pi3IAAHO3GyIAAXjXr8YAm8YBAA6FugBosbNOreuOgPnzTiijwyN1KiyE7wAOXWE\/3\/wtLWeogjauP60J3gBrdb0w\/aHR0cHM6Ly9sYXV0b21uZWRlbGltYWdlLmZyL2wtYXV0b21uZS1kZS1sLWltYWdlLTIwMjU\" rel=\"nofollow noopener\" target=\"_blank\">D\u00e9couvrez la programmation compl\u00e8te<\/a><\/p>\n<p style=\"text-align: left;\"><strong>La programmation<\/strong><\/p>\n<p style=\"text-align: left;\">Du 03 au 10 octobre 2025, Un Festival C\u2019est Trop Court! c\u00e9l\u00e9brera sa 25\u00e8me \u00e9dition ! Une ann\u00e9e exceptionnelle qui croise un \u00e9v\u00e9nement d\u2019envergure internationale autour de la mer \u00e0 NICE : la Biennale des Arts et de l\u2019Oc\u00e9an dans le sillage de la Conf\u00e9rence des Nations Unies sur l\u2019Oc\u00e9an.<\/p>\n<p style=\"text-align: left;\">H\u00e9liotrope et Un Festival C\u2019est Trop Court! embarquent pour Un Voyage dans la mer, un projet \u00e9labor\u00e9 en partenariat avec la Ville de Nice \u2013 direction du cin\u00e9ma et La Bande Passante qui coordonne l\u2019Automne de l\u2019Image.<\/p>\n<p style=\"text-align: left;\">Pour marquer cet anniversaire, l\u2019\u00e9dition 2025 propose un programme de 150 films, plac\u00e9 sous le signe de la musique \u00e0 l\u2019image, du voyage dans la mer. Le festival est organis\u00e9 \u00e0 travers quatre comp\u00e9titions, europ\u00e9enne, exp\u00e9rience, animation et courts d\u2019ici. Chaque s\u00e9lection aura son jury d\u00e9di\u00e9, compos\u00e9 de personnalit\u00e9s du cin\u00e9ma, de l\u2019art et de la culture.<\/p>\n<p style=\"text-align: left;\"><strong>Grande Soir\u00e9e sp\u00e9ciale 25 ans<\/strong><\/p>\n<p style=\"text-align: left;\">Rejoignez-nous le samedi 4 octobre pour une soir\u00e9e festive et cin\u00e9phile !<\/p>\n<p style=\"text-align: left;\">\ud83d\udd56 19h \u2013 Salle Pop-Up (109)<\/p>\n<p style=\"text-align: left;\">S\u00e9ance coups de c\u0153ur de l\u2019\u00e9quipe<\/p>\n<p style=\"text-align: left;\">\ud83d\udd64 21h30 \u2013 Espace Accueil Entrepont (109)<\/p>\n<p style=\"text-align: left;\">Battle de doublage<\/p>\n<p style=\"text-align: left;\">Un moment unique et plein d\u2019humour o\u00f9 les voix s\u2019affrontent sur sc\u00e8ne ! Anim\u00e9e par Jean Boiron-Lajous, r\u00e9alisateur, et B\u00e9n\u00e9dicte Haze, directrice du cin\u00e9ma La Baleine \u00e0 Marseille.<\/p>\n<p style=\"text-align: left;\">\ud83d\udd5a 23h00 \u2013 Espace Accueil Entrepont (109)<\/p>\n<p style=\"text-align: left;\">Boom des cin\u00e9philes<\/p>\n<p style=\"text-align: left;\">Un dancefloor libre et joyeux pour prolonger la soir\u00e9e. Anim\u00e9e par Am\u00e9lie Masciotta &amp; friends.<\/p>\n<p style=\"text-align: left;\"><strong>SOURCE : Newsletter de septembre 2025 \u2013 H\u00e9liotrope. <\/strong><\/p>\n","protected":false},"excerpt":{"rendered":"Jusqu\u2019au 10 septembre, les pass pour la 25\u00e8me \u00e9dition du Festival sont en r\u00e9duction en tarif Early Bird&hellip;\n","protected":false},"author":2,"featured_media":356449,"comment_status":"","ping_status":"","sticky":false,"template":"","format":"standard","meta":{"footnotes":""},"categories":[2819],"tags":[1111,11,1777,674,1011,27,12,2401,882,25],"class_list":{"0":"post-356448","1":"post","2":"type-post","3":"status-publish","4":"format-standard","5":"has-post-thumbnail","7":"category-nice","8":"tag-actu","9":"tag-actualites","10":"tag-eu","11":"tag-europe","12":"tag-fr","13":"tag-france","14":"tag-news","15":"tag-nice","16":"tag-provence-alpes-cote-dazur","17":"tag-republique-francaise"},"share_on_mastodon":{"url":"https:\/\/pubeurope.com\/@fr\/115123476454489388","error":""},"_links":{"self":[{"href":"https:\/\/www.europesays.com\/fr\/wp-json\/wp\/v2\/posts\/356448","targetHints":{"allow":["GET"]}}],"collection":[{"href":"https:\/\/www.europesays.com\/fr\/wp-json\/wp\/v2\/posts"}],"about":[{"href":"https:\/\/www.europesays.com\/fr\/wp-json\/wp\/v2\/types\/post"}],"author":[{"embeddable":true,"href":"https:\/\/www.europesays.com\/fr\/wp-json\/wp\/v2\/users\/2"}],"replies":[{"embeddable":true,"href":"https:\/\/www.europesays.com\/fr\/wp-json\/wp\/v2\/comments?post=356448"}],"version-history":[{"count":0,"href":"https:\/\/www.europesays.com\/fr\/wp-json\/wp\/v2\/posts\/356448\/revisions"}],"wp:featuredmedia":[{"embeddable":true,"href":"https:\/\/www.europesays.com\/fr\/wp-json\/wp\/v2\/media\/356449"}],"wp:attachment":[{"href":"https:\/\/www.europesays.com\/fr\/wp-json\/wp\/v2\/media?parent=356448"}],"wp:term":[{"taxonomy":"category","embeddable":true,"href":"https:\/\/www.europesays.com\/fr\/wp-json\/wp\/v2\/categories?post=356448"},{"taxonomy":"post_tag","embeddable":true,"href":"https:\/\/www.europesays.com\/fr\/wp-json\/wp\/v2\/tags?post=356448"}],"curies":[{"name":"wp","href":"https:\/\/api.w.org\/{rel}","templated":true}]}}