{"id":356450,"date":"2025-08-31T12:58:17","date_gmt":"2025-08-31T12:58:17","guid":{"rendered":"https:\/\/www.europesays.com\/fr\/356450\/"},"modified":"2025-08-31T12:58:17","modified_gmt":"2025-08-31T12:58:17","slug":"un-nouveau-rendez-vous-economique-a-nantes","status":"publish","type":"post","link":"https:\/\/www.europesays.com\/fr\/356450\/","title":{"rendered":"un nouveau rendez-vous \u00e9conomique \u00e0 Nantes"},"content":{"rendered":"<p>La CCI Nantes Saint-Nazaire inaugure le Forum Franchise Grand Ouest. L\u2019\u00e9v\u00e9nement, d\u00e9di\u00e9 \u00e0 ce mod\u00e8le entrepreneurial, se tiendra le 18\u00a0septembre au parc des expositions de la Beaujoire, \u00e0 Nantes.<\/p>\n<p>                                                <img decoding=\"async\" loading=\"lazy\" src=\"https:\/\/www.europesays.com\/fr\/wp-content\/uploads\/2025\/08\/Franchise_Nantes_Club_Cafe_DR-scaled-760x396-c-default.jpg\"   width=\"760\" height=\"396\" alt=\"Gros plan sur une personne tenant une tasse de caf\u00e9.\" aria-describedby=\"caption-post-160453\"\/><\/p>\n<p id=\"caption-attachment-160453\" class=\"wp-caption-text\">La franchise tisse son r\u00e9seau \u00e0 Nantes CLUB CAFE<\/p>\n<p>Il s\u2019agira du premier rendez-vous de ce type organis\u00e9 par la chambre de commerce et d\u2019industrie (CCI). Objectif\u00a0: mettre en relation porteurs de projets et futurs entrepreneurs. Soixante exposants sont attendus, parmi lesquels de grands noms r\u00e9gionaux, comme La Mie C\u00e2line, mais aussi des enseignes encore peu pr\u00e9sentes en Bretagne et Pays de la Loire, \u00e0 l\u2019image de Caf\u00e9 Club (d\u00e9j\u00e0 implant\u00e9 dans les Hauts-de-France) ou encore Elancia et ses salles de sport.<\/p>\n<p>Au-del\u00e0 des prises de contact, la CCI veut impulser une dynamique territoriale autour de ce mode de d\u00e9veloppement commercial. Six conf\u00e9rences viendront \u00e9clairer la journ\u00e9e\u00a0: avantages de la franchise, solutions de financement, accompagnement\u2026 Tous les acteurs de l\u2019\u00e9cosyst\u00e8me entrepreneurial seront repr\u00e9sent\u00e9s\u00a0: banques, avocats, experts-comptables, mais aussi l\u2019Apec, France Travail ou encore la F\u00e9d\u00e9ration fran\u00e7aise de la franchise (FFF). De quoi r\u00e9pondre aux questions tr\u00e8s concr\u00e8tes des entrepreneurs sur les d\u00e9marches administratives, les droits et les obligations li\u00e9s \u00e0 ce mod\u00e8le.<\/p>\n<p>Un mod\u00e8le en progression. Selon la FFF, le nombre de franchis\u00e9s a bondi de 33\u00a0% en dix ans. En 2024, la franchise comptait 2\u00a0089 enseignes en France et pesait pr\u00e8s de 89\u00a0milliards d\u2019euros. Elle semble d\u2019ailleurs mieux r\u00e9sister aux difficult\u00e9s \u00e9conomiques que les entreprises classiques. C\u00f4t\u00e9 territoires, la Bretagne s\u2019est hiss\u00e9e en 2024 \u00e0 la deuxi\u00e8me place du palmar\u00e8s du dynamisme de la franchise en r\u00e9gions, \u00e9tabli par la FFF \u00e0 partir de donn\u00e9es crois\u00e9es de plusieurs partenaires. Les Pays de la Loire suivent de pr\u00e8s, au troisi\u00e8me rang.<\/p>\n<p>Lire aussi :\u00a0<strong><a style=\"color: #0000ff;\" href=\"https:\/\/www.informateurjudiciaire.fr\/actualites\/philippe-couge-est-nomme-president-du-club-des-franchises-de-lanjou\/\" target=\"_blank\" rel=\"noopener nofollow\">Philippe Coug\u00e9 est nomm\u00e9 pr\u00e9sident du Club des Franchis\u00e9s de l\u2019Anjou<\/a><\/strong><\/p>\n<p>\u00a0<\/p>\n","protected":false},"excerpt":{"rendered":"La CCI Nantes Saint-Nazaire inaugure le Forum Franchise Grand Ouest. L\u2019\u00e9v\u00e9nement, d\u00e9di\u00e9 \u00e0 ce mod\u00e8le entrepreneurial, se tiendra&hellip;\n","protected":false},"author":2,"featured_media":356451,"comment_status":"","ping_status":"","sticky":false,"template":"","format":"standard","meta":{"footnotes":""},"categories":[2818],"tags":[1111,11,1777,674,1011,27,766,12,2636,25],"class_list":{"0":"post-356450","1":"post","2":"type-post","3":"status-publish","4":"format-standard","5":"has-post-thumbnail","7":"category-nantes","8":"tag-actu","9":"tag-actualites","10":"tag-eu","11":"tag-europe","12":"tag-fr","13":"tag-france","14":"tag-nantes","15":"tag-news","16":"tag-pays-de-la-loire","17":"tag-republique-francaise"},"share_on_mastodon":{"url":"https:\/\/pubeurope.com\/@fr\/115123500577683325","error":""},"_links":{"self":[{"href":"https:\/\/www.europesays.com\/fr\/wp-json\/wp\/v2\/posts\/356450","targetHints":{"allow":["GET"]}}],"collection":[{"href":"https:\/\/www.europesays.com\/fr\/wp-json\/wp\/v2\/posts"}],"about":[{"href":"https:\/\/www.europesays.com\/fr\/wp-json\/wp\/v2\/types\/post"}],"author":[{"embeddable":true,"href":"https:\/\/www.europesays.com\/fr\/wp-json\/wp\/v2\/users\/2"}],"replies":[{"embeddable":true,"href":"https:\/\/www.europesays.com\/fr\/wp-json\/wp\/v2\/comments?post=356450"}],"version-history":[{"count":0,"href":"https:\/\/www.europesays.com\/fr\/wp-json\/wp\/v2\/posts\/356450\/revisions"}],"wp:featuredmedia":[{"embeddable":true,"href":"https:\/\/www.europesays.com\/fr\/wp-json\/wp\/v2\/media\/356451"}],"wp:attachment":[{"href":"https:\/\/www.europesays.com\/fr\/wp-json\/wp\/v2\/media?parent=356450"}],"wp:term":[{"taxonomy":"category","embeddable":true,"href":"https:\/\/www.europesays.com\/fr\/wp-json\/wp\/v2\/categories?post=356450"},{"taxonomy":"post_tag","embeddable":true,"href":"https:\/\/www.europesays.com\/fr\/wp-json\/wp\/v2\/tags?post=356450"}],"curies":[{"name":"wp","href":"https:\/\/api.w.org\/{rel}","templated":true}]}}