{"id":356452,"date":"2025-08-31T12:59:40","date_gmt":"2025-08-31T12:59:40","guid":{"rendered":"https:\/\/www.europesays.com\/fr\/356452\/"},"modified":"2025-08-31T12:59:40","modified_gmt":"2025-08-31T12:59:40","slug":"cette-offre-qui-pourrait-assommer-le-fc-nantes-aujourdhui","status":"publish","type":"post","link":"https:\/\/www.europesays.com\/fr\/356452\/","title":{"rendered":"Cette offre qui pourrait assommer le FC Nantes aujourd\u2019hui\u00a0!"},"content":{"rendered":"<p><strong>Le dossier Matthis Abline n\u2019est pas termin\u00e9\u2026 Jusqu\u2019\u00e0 la derni\u00e8re heure du mercato, le FC Nantes n\u2019est pas \u00e0 l\u2019abri de recevoir une offre monstrueuse pour son attaquant.<\/strong><\/p>\n<p>\t<img decoding=\"async\" alt=\"Matthis ABLINE\" src=\"https:\/\/www.europesays.com\/fr\/wp-content\/uploads\/2025\/08\/ICONSPORT_266997_0341.jpg\"\/><\/p>\n<p>Matthis ABLINE, Cr\u00e9dit photo : Icon Sport<\/p>\n<p data=\"intro\">Le mercato n\u2019a pas encore livr\u00e9 son verdict final et le dossier Matthis Abline pourrait bien rebattre les cartes du FC Nantes. Recrut\u00e9 pour 10 millions d\u2019euros \u00e0 l\u2019\u00e9t\u00e9 2024, l\u2019attaquant s\u2019est rapidement impos\u00e9 comme l\u2019une des r\u00e9v\u00e9lations de Ligue 1. Ses performances n\u2019ont pas laiss\u00e9 insensibles plusieurs clubs anglais, toujours \u00e0 l\u2019aff\u00fbt de bonnes affaires offensives. Selon L\u2019\u00c9quipe, Wolverhampton aurait transmis une offre de 30 millions d\u2019euros, soit trois fois le prix d\u00e9bours\u00e9 par les Canaris il y a un an. Une proposition d\u00e9j\u00e0 \u00e9norme, mais insuffisante aux yeux de Waldemar Kita.<\/p>\n<p>Kita ferme la porte\u2026 mais pas pour longtemps ?<\/p>\n<p>Le pr\u00e9sident du FC Nantes reste inflexible : il r\u00e9clame 40 millions d\u2019euros pour lib\u00e9rer son attaquant. Un montant jug\u00e9 \u00e9lev\u00e9 par certains, mais qui pourrait rapidement \u00eatre atteint dans les derni\u00e8res heures du mercato. En Angleterre, les clubs n\u2019h\u00e9sitent pas \u00e0 d\u00e9penser sans compter lorsqu\u2019il s\u2019agit de renforcer leur effectif en urgence. Abline, jeune, performant et d\u00e9j\u00e0 habitu\u00e9 au rythme de la Ligue 1, coche toutes les cases pour devenir la cible id\u00e9ale d\u2019un \u00ab\u00a0panic buy\u00a0\u00bb outre-Manche. Le FC Nantes, qui esp\u00e9rait b\u00e2tir son projet autour de lui, sait donc qu\u2019il n\u2019est pas totalement \u00e0 l\u2019abri.<\/p>\n<p><\/p>\n<p>Un d\u00e9nouement explosif \u00e0 venir ?<\/p>\n<p>La question est d\u00e9sormais simple : le FC Nantes parviendra-t-il \u00e0 conserver Matthis Abline au-del\u00e0 de ce mercato ? Si la barre des 40 millions venait \u00e0 \u00eatre franchie, Waldemar Kita pourrait difficilement refuser une telle manne financi\u00e8re. Pour Nantes, ce serait une perte sportive immense, mais une op\u00e9ration \u00e9conomique spectaculaire. D\u2019autant plus que le joueur veut, lui, quitter le club\u2026<\/p>\n<p><\/p>\n<p>\t\t\t\t&#13;<br \/>\n\t\t\t\t\t&#13;<\/p>\n","protected":false},"excerpt":{"rendered":"Le dossier Matthis Abline n\u2019est pas termin\u00e9\u2026 Jusqu\u2019\u00e0 la derni\u00e8re heure du mercato, le FC Nantes n\u2019est pas&hellip;\n","protected":false},"author":2,"featured_media":356453,"comment_status":"","ping_status":"","sticky":false,"template":"","format":"standard","meta":{"footnotes":""},"categories":[2818],"tags":[1111,11,1777,674,1011,27,766,12,2636,25],"class_list":{"0":"post-356452","1":"post","2":"type-post","3":"status-publish","4":"format-standard","5":"has-post-thumbnail","7":"category-nantes","8":"tag-actu","9":"tag-actualites","10":"tag-eu","11":"tag-europe","12":"tag-fr","13":"tag-france","14":"tag-nantes","15":"tag-news","16":"tag-pays-de-la-loire","17":"tag-republique-francaise"},"share_on_mastodon":{"url":"https:\/\/pubeurope.com\/@fr\/115123504067535187","error":""},"_links":{"self":[{"href":"https:\/\/www.europesays.com\/fr\/wp-json\/wp\/v2\/posts\/356452","targetHints":{"allow":["GET"]}}],"collection":[{"href":"https:\/\/www.europesays.com\/fr\/wp-json\/wp\/v2\/posts"}],"about":[{"href":"https:\/\/www.europesays.com\/fr\/wp-json\/wp\/v2\/types\/post"}],"author":[{"embeddable":true,"href":"https:\/\/www.europesays.com\/fr\/wp-json\/wp\/v2\/users\/2"}],"replies":[{"embeddable":true,"href":"https:\/\/www.europesays.com\/fr\/wp-json\/wp\/v2\/comments?post=356452"}],"version-history":[{"count":0,"href":"https:\/\/www.europesays.com\/fr\/wp-json\/wp\/v2\/posts\/356452\/revisions"}],"wp:featuredmedia":[{"embeddable":true,"href":"https:\/\/www.europesays.com\/fr\/wp-json\/wp\/v2\/media\/356453"}],"wp:attachment":[{"href":"https:\/\/www.europesays.com\/fr\/wp-json\/wp\/v2\/media?parent=356452"}],"wp:term":[{"taxonomy":"category","embeddable":true,"href":"https:\/\/www.europesays.com\/fr\/wp-json\/wp\/v2\/categories?post=356452"},{"taxonomy":"post_tag","embeddable":true,"href":"https:\/\/www.europesays.com\/fr\/wp-json\/wp\/v2\/tags?post=356452"}],"curies":[{"name":"wp","href":"https:\/\/api.w.org\/{rel}","templated":true}]}}