{"id":356456,"date":"2025-08-31T13:01:11","date_gmt":"2025-08-31T13:01:11","guid":{"rendered":"https:\/\/www.europesays.com\/fr\/356456\/"},"modified":"2025-08-31T13:01:11","modified_gmt":"2025-08-31T13:01:11","slug":"top-14-bordeaux-retiere-sera-eloigne-des-terrains-un-mois","status":"publish","type":"post","link":"https:\/\/www.europesays.com\/fr\/356456\/","title":{"rendered":"Top 14 &#8211; Bordeaux : Reti\u00e8re sera \u00e9loign\u00e9 des terrains un mois"},"content":{"rendered":"<p class=\"date\">\n                                                            Bastien Morel, Media365, publi\u00e9 le dimanche 31 ao\u00fbt 2025 \u00e0 13h10\n                                                    <\/p>\n<p>Touch\u00e9 au mollet, Arthur Reti\u00e8re va manquer le premier mois de comp\u00e9tition de son \u00e9quipe et rejoint une infirmerie d\u00e9j\u00e0 bien remplie du c\u00f4t\u00e9 de l&rsquo;Union Bordeaux-B\u00e8gles.<\/p>\n<p>Alors que la saison 2025-2026 d\u00e9bute la semaine prochaine, l&rsquo;Union Bordeaux-B\u00e8gles devra se passer de son ailier polyvalent, Arthure Reti\u00e8re. Selon les informations de L&rsquo;Equipe publi\u00e9es ce dimanche, le joueur de 27 ans serait touch\u00e9 \u00e0 un mollet son absence serait estim\u00e9e \u00e0 environ un mois. Il rejoint une infirmerie bordelaise d\u00e9j\u00e0 bien garnie puisque Maxime Lucu, touch\u00e9 \u00e0 un tendon du pouce est forfait pour les deux premiers mois de comp\u00e9tition tandis que Yoram Moefana a \u00e9t\u00e9 touch\u00e9 \u00e0 une \u00e9paule lors du match de pr\u00e9paration de son \u00e9quipe face \u00e0 Montauban, ce jeudi. Pour ce dernier, la dur\u00e9e de l&rsquo;absence n&rsquo;a pas encore \u00e9t\u00e9 communiqu\u00e9e mais elle pourrait \u00eatre bien plus longue que les deux premiers puisqu&rsquo;une possible op\u00e9ration est \u00e0 pr\u00e9voir pour le centre de Bordeaux.<\/p>\n<p>D\u00e9j\u00e0 un premier test<\/p>\n<p>Champion d&rsquo;Europe en titre et vice-champion de France, l&rsquo;Union Bordeaux-B\u00e8gles va d\u00e9buter sa saison d\u00e8s la semaine prochaine avec la r\u00e9ception de La Rochelle, un premier test. Comme l&rsquo;an pass\u00e9, les Bordelais vont d\u00e9buter leur saison en \u00e9tant ambitieux avec notamment la volont\u00e9 de conserver leur titre sur la sc\u00e8ne europ\u00e9enne mais \u00e9galement d&rsquo;aller d\u00e9crocher un premier bouclier de Brennus qui \u00e9chappe \u00e0 la formation girondine depuis deux saisons d\u00e9sormais. Mais ce premier match de ce nouvel exercice risque d&rsquo;\u00eatre bien compliqu\u00e9 pour une \u00e9quipe bordelaise priv\u00e9e de tr\u00e8s nombreux \u00e9l\u00e9ments. Outre les absences d\u00e9j\u00e0 officielles de Reti\u00e8re, Lucu et Moefana, l&rsquo;UBB devra se pr\u00e9senter devant La Rochelle sans Adam Coleman et Lachlan Swinton, toujours indisponibles, tandis que \u00a0Rohan Van Rensburg est en phase de reprise et devrait faire son retour dans les prochaines semaines. A noter \u00e9galement les absences de Pablo Uberti et Romain Buros. Le pilier Ben Tameifuna et le troisi\u00e8me-ligne des Jean-Luc du Preez sont eux retenus par leur s\u00e9lection, le Tonga pour le premier, l&rsquo;Afrique du Sud pour le second.<\/p>\n","protected":false},"excerpt":{"rendered":"Bastien Morel, Media365, publi\u00e9 le dimanche 31 ao\u00fbt 2025 \u00e0 13h10 Touch\u00e9 au mollet, Arthur Reti\u00e8re va manquer&hellip;\n","protected":false},"author":2,"featured_media":356457,"comment_status":"","ping_status":"","sticky":false,"template":"","format":"standard","meta":{"footnotes":""},"categories":[2817],"tags":[1111,11,1997,1777,674,1011,27,12,2219,25],"class_list":{"0":"post-356456","1":"post","2":"type-post","3":"status-publish","4":"format-standard","5":"has-post-thumbnail","7":"category-bordeaux","8":"tag-actu","9":"tag-actualites","10":"tag-bordeaux","11":"tag-eu","12":"tag-europe","13":"tag-fr","14":"tag-france","15":"tag-news","16":"tag-nouvelle-aquitaine","17":"tag-republique-francaise"},"share_on_mastodon":{"url":"https:\/\/pubeurope.com\/@fr\/115123511962535450","error":""},"_links":{"self":[{"href":"https:\/\/www.europesays.com\/fr\/wp-json\/wp\/v2\/posts\/356456","targetHints":{"allow":["GET"]}}],"collection":[{"href":"https:\/\/www.europesays.com\/fr\/wp-json\/wp\/v2\/posts"}],"about":[{"href":"https:\/\/www.europesays.com\/fr\/wp-json\/wp\/v2\/types\/post"}],"author":[{"embeddable":true,"href":"https:\/\/www.europesays.com\/fr\/wp-json\/wp\/v2\/users\/2"}],"replies":[{"embeddable":true,"href":"https:\/\/www.europesays.com\/fr\/wp-json\/wp\/v2\/comments?post=356456"}],"version-history":[{"count":0,"href":"https:\/\/www.europesays.com\/fr\/wp-json\/wp\/v2\/posts\/356456\/revisions"}],"wp:featuredmedia":[{"embeddable":true,"href":"https:\/\/www.europesays.com\/fr\/wp-json\/wp\/v2\/media\/356457"}],"wp:attachment":[{"href":"https:\/\/www.europesays.com\/fr\/wp-json\/wp\/v2\/media?parent=356456"}],"wp:term":[{"taxonomy":"category","embeddable":true,"href":"https:\/\/www.europesays.com\/fr\/wp-json\/wp\/v2\/categories?post=356456"},{"taxonomy":"post_tag","embeddable":true,"href":"https:\/\/www.europesays.com\/fr\/wp-json\/wp\/v2\/tags?post=356456"}],"curies":[{"name":"wp","href":"https:\/\/api.w.org\/{rel}","templated":true}]}}