{"id":356467,"date":"2025-08-31T13:07:19","date_gmt":"2025-08-31T13:07:19","guid":{"rendered":"https:\/\/www.europesays.com\/fr\/356467\/"},"modified":"2025-08-31T13:07:19","modified_gmt":"2025-08-31T13:07:19","slug":"la-rentree-scolaire-reportee-a-mardi-dans-lensemble-des-bouches-du-rhone-en-raison-des-intemperies","status":"publish","type":"post","link":"https:\/\/www.europesays.com\/fr\/356467\/","title":{"rendered":"La rentr\u00e9e scolaire report\u00e9e \u00e0 mardi dans l&rsquo;ensemble des Bouches-du-Rh\u00f4ne en raison des intemp\u00e9ries"},"content":{"rendered":"<p>Alors que le d\u00e9partement va \u00eatre plac\u00e9 en vigilance orange \u00ab\u00a0orages\u00a0\u00bb et \u00ab\u00a0pluie-inondation\u00a0\u00bb d\u00e8s minuit, la pr\u00e9fecture a d\u00e9cid\u00e9 de d\u00e9caler la rentr\u00e9e scolaire de lundi \u00e0 mardi.<\/p>\n<p>C&rsquo;est une d\u00e9cision rarissime. Les \u00e9l\u00e8ves des Bouches-du-Rh\u00f4ne ne feront leur rentr\u00e9e des classes qu&rsquo;\u00e0 partir de mardi 2 septembre, au lieu de lundi, <a href=\"https:\/\/www.bfmtv.com\/meteo\/orages-et-pluie-inondation-trois-departements-places-en-vigilance-orange-ce-dimanche_AN-202508310050.html\" title=\"Orages et pluie-inondation: huit d\u00e9partements plac\u00e9s en vigilance orange ce dimanche\" class=\"internal_link\" rel=\"nofollow noopener\" target=\"_blank\">en raison des intemp\u00e9ries attendues<\/a>, comme l&rsquo;a annonc\u00e9 la pr\u00e9fecture du d\u00e9partement ce dimanche.<\/p>\n<p>Les Bouches-du-Rh\u00f4ne vont \u00eatre plac\u00e9es par M\u00e9t\u00e9o-France en vigilance orange pour <a href=\"https:\/\/www.bfmtv.com\/meteo\/orages-et-pluie-inondation-trois-departements-places-en-vigilance-orange-ce-dimanche_AN-202508310050.html\" title=\"Orages et pluie-inondation: huit d\u00e9partements plac\u00e9s en vigilance orange ce dimanche\" class=\"internal_link\" rel=\"nofollow noopener\" target=\"_blank\">\u00ab\u00a0orage\u00a0\u00bb et \u00ab\u00a0pluie-inondation\u00a0\u00bb<\/a> \u00e0 partir de minuit et jusqu\u2019\u00e0 10 heures lundi 1er septembre. Alors que d&rsquo;importants cumuls de pluie sont attendus, \u00ab\u00a0le pr\u00e9fet a pris la d\u00e9cision, en lien avec les autorit\u00e9s acad\u00e9miques de reporter la rentr\u00e9e scolaire \u00e0 mardi 2 septembre\u00a0\u00bb.<\/p>\n<blockquote class=\"embed embed_quote\"><p>La pr\u00e9fecture a \u00e9galement d\u00e9cid\u00e9 de \u00ab\u00a0suspendre les transports scolaires dans l&rsquo;ensemble des Bouches-du-Rh\u00f4ne, cela afin de garantir la s\u00e9curit\u00e9 des \u00e9l\u00e8ves et des parents\u00a0\u00bb.<\/p><\/blockquote>\n<p>Tous les \u00e9tablissements scolaires du d\u00e9partement &#8211; \u00e9coles, coll\u00e8ges et lyc\u00e9es &#8211; seront donc ferm\u00e9s lundi et rouvriront mardi au matin.<\/p>\n","protected":false},"excerpt":{"rendered":"Alors que le d\u00e9partement va \u00eatre plac\u00e9 en vigilance orange \u00ab\u00a0orages\u00a0\u00bb et \u00ab\u00a0pluie-inondation\u00a0\u00bb d\u00e8s minuit, la pr\u00e9fecture a&hellip;\n","protected":false},"author":2,"featured_media":356468,"comment_status":"","ping_status":"","sticky":false,"template":"","format":"standard","meta":{"footnotes":""},"categories":[2814],"tags":[1111,11,1777,674,1011,27,884,12,882,25],"class_list":{"0":"post-356467","1":"post","2":"type-post","3":"status-publish","4":"format-standard","5":"has-post-thumbnail","7":"category-marseille","8":"tag-actu","9":"tag-actualites","10":"tag-eu","11":"tag-europe","12":"tag-fr","13":"tag-france","14":"tag-marseille","15":"tag-news","16":"tag-provence-alpes-cote-dazur","17":"tag-republique-francaise"},"share_on_mastodon":{"url":"https:\/\/pubeurope.com\/@fr\/115123535627632987","error":""},"_links":{"self":[{"href":"https:\/\/www.europesays.com\/fr\/wp-json\/wp\/v2\/posts\/356467","targetHints":{"allow":["GET"]}}],"collection":[{"href":"https:\/\/www.europesays.com\/fr\/wp-json\/wp\/v2\/posts"}],"about":[{"href":"https:\/\/www.europesays.com\/fr\/wp-json\/wp\/v2\/types\/post"}],"author":[{"embeddable":true,"href":"https:\/\/www.europesays.com\/fr\/wp-json\/wp\/v2\/users\/2"}],"replies":[{"embeddable":true,"href":"https:\/\/www.europesays.com\/fr\/wp-json\/wp\/v2\/comments?post=356467"}],"version-history":[{"count":0,"href":"https:\/\/www.europesays.com\/fr\/wp-json\/wp\/v2\/posts\/356467\/revisions"}],"wp:featuredmedia":[{"embeddable":true,"href":"https:\/\/www.europesays.com\/fr\/wp-json\/wp\/v2\/media\/356468"}],"wp:attachment":[{"href":"https:\/\/www.europesays.com\/fr\/wp-json\/wp\/v2\/media?parent=356467"}],"wp:term":[{"taxonomy":"category","embeddable":true,"href":"https:\/\/www.europesays.com\/fr\/wp-json\/wp\/v2\/categories?post=356467"},{"taxonomy":"post_tag","embeddable":true,"href":"https:\/\/www.europesays.com\/fr\/wp-json\/wp\/v2\/tags?post=356467"}],"curies":[{"name":"wp","href":"https:\/\/api.w.org\/{rel}","templated":true}]}}