{"id":356484,"date":"2025-08-31T13:24:13","date_gmt":"2025-08-31T13:24:13","guid":{"rendered":"https:\/\/www.europesays.com\/fr\/356484\/"},"modified":"2025-08-31T13:24:13","modified_gmt":"2025-08-31T13:24:13","slug":"la-moronisation-des-etats-unis-la-presse","status":"publish","type":"post","link":"https:\/\/www.europesays.com\/fr\/356484\/","title":{"rendered":"La moronisation des \u00c9tats-Unis | La Presse"},"content":{"rendered":"<p class=\"lead textModule textModule--type-lead hasFeaturedAuthor\" style=\"\">Robert F. Kennedy fils, secr\u00e9taire \u00e0 la Sant\u00e9 des \u00c9tats-Unis, vient de faire une grande annonce. Tel que promis en avril, il a d\u00e9couvert les causes de l\u2019autisme.<\/p>\n<p>                    Publi\u00e9 \u00e0 8\u00a0h\u00a000<\/p>\n<p>    <a class=\"print\" href=\"https:\/\/www.lapresse.ca\/international\/chroniques\/2025-08-31\/javascript:window.print();\" title=\"Imprimer la page\" rel=\"nofollow noopener\" target=\"_blank\"><\/p>\n<p>        <img loading=\"lazy\" decoding=\"async\" width=\"16\" height=\"18\" src=\"https:\/\/www.europesays.com\/fr\/wp-content\/uploads\/2025\/04\/share-icon.png\" alt=\"Partager\"\/><\/p>\n<p class=\"paragraph textModule textModule--type-paragraph hasFeaturedAuthor\" style=\"\">\u00ab\u00a0Nous aurons une annonce en septembre tel que promis, a-t-il dit dans une s\u00e9ance publique du cabinet Trump. Nous avons d\u00e9couvert que des interventions, certaines interventions causent clairement presque certainement l\u2019autisme.\u00a0\u00bb<\/p>\n<p class=\"paragraph textModule textModule--type-paragraph hasFeaturedAuthor\" style=\"\">Ce n\u2019est pas une mince d\u00e9claration. L\u2019autisme fait l\u2019objet de recherches depuis des dizaines d\u2019ann\u00e9es. Les causes, disent les chercheurs, sont multiples. G\u00e9n\u00e9tiques, environnementales\u2026<\/p>\n<p class=\"paragraph textModule textModule--type-paragraph hasFeaturedAuthor\" style=\"\">Et voil\u00e0 qu\u2019en cinq mois, des \u00ab\u00a0recherches\u00a0\u00bb command\u00e9es par Kennedy seraient parvenues \u00e0 une perc\u00e9e spectaculaire.<\/p>\n<p class=\"paragraph textModule textModule--type-paragraph hasFeaturedAuthor\" style=\"\">On sait que Kennedy a d\u00e9j\u00e0 compar\u00e9 la vaccination des enfants aux exp\u00e9riences men\u00e9es par les nazis. On l\u2019a vu souvent pr\u00e9tendre faussement que l\u2019autisme est caus\u00e9 par les vaccins. On peut donc parier que les \u00ab\u00a0interventions\u00a0\u00bb dont il parle, et qui causent \u00ab\u00a0clairement presque certainement\u00a0\u00bb l\u2019autisme, seront\u2026 les vaccins.<\/p>\n<p class=\"paragraph textModule textModule--type-paragraph hasFeaturedAuthor\" style=\"\">Le \u00ab\u00a0chercheur\u00a0\u00bb \u00e0 l\u2019origine de la th\u00e9orie des vaccins causant l\u2019autisme, le m\u00e9decin britannique Andrew Wakefield, a \u00e9t\u00e9 radi\u00e9 de son ordre professionnel. H\u00e9las, son \u00ab\u00a0\u00e9tude\u00a0\u00bb frauduleuse a \u00e9t\u00e9 publi\u00e9e dans The Lancet, et continue \u00e0 circuler chez les antivax.<\/p>\n<p class=\"paragraph textModule textModule--type-paragraph hasFeaturedAuthor\" style=\"\">La preuve a depuis \u00e9t\u00e9 faite et refaite qu\u2019il n\u2019y a aucun lien entre la vaccination et l\u2019autisme.<\/p>\n<p class=\"paragraph textModule textModule--type-paragraph hasFeaturedAuthor\" style=\"\">Quand RFK \u00e9tait une simple c\u00e9l\u00e9brit\u00e9, il causait d\u00e9j\u00e0 beaucoup de tort en r\u00e9pandant des fausset\u00e9s scientifiques, de la pseudoscience et des th\u00e9ories du complot.<\/p>\n<p class=\"epigraph textModule textModule--type-epigraph hasFeaturedAuthor\" style=\"\">Mais maintenant, le pr\u00e9sident a nomm\u00e9 ce \u00ab\u00a0sceptique\u00a0\u00bb des vaccins, pour ne pas dire cet antivax, \u00e0 la t\u00eate de la Sant\u00e9. Le S\u00e9nat a confirm\u00e9 sa nomination. Ce ne sont plus des opinions, qu\u2019il \u00e9met. Ce sont des d\u00e9cisions.<\/p>\n<p class=\"paragraph textModule textModule--type-paragraph hasFeaturedAuthor\" style=\"\">Et parmi celles-ci, il y a le cong\u00e9diement mercredi de la Dre\u00a0Susan Monarez, qui venait tout juste d\u2019\u00eatre confirm\u00e9e dans ses fonctions de directrice de la Sant\u00e9 publique, \u00e0 la t\u00eate des\u00a0Centers for Disease Control and Prevention (CDC).<\/p>\n<p class=\"paragraph textModule textModule--type-paragraph hasFeaturedAuthor\" style=\"\">Le motif\u00a0? \u00ab\u00a0Insubordination\u00a0\u00bb. La Dre\u00a0Monarez avait simplement rappel\u00e9 \u00e0 RFK que les nouvelles directives sur la vaccination ne correspondaient pas aux donn\u00e9es scientifiques. Le secr\u00e9taire a en effet d\u00e9cid\u00e9 qu\u2019il n\u2019y aurait de vaccination contre la COVID-19 que pour les personnes \u00e2g\u00e9es. Bas\u00e9 sur quoi\u00a0? Ses propres avis. Car en juin, Kennedy a foutu \u00e0 la porte tous les membres du comit\u00e9 de consultation sur la vaccination.<\/p>\n<p class=\"paragraph textModule textModule--type-paragraph hasFeaturedAuthor\" style=\"\">De fait, les CDC ont perdu \u00ab\u00a0des milliers\u00a0\u00bb d\u2019employ\u00e9s et la moiti\u00e9 de leur budget. Certains de leurs meilleurs experts en mati\u00e8re de maladies contagieuses sont partis.<\/p>\n<p>                                        <img decoding=\"async\" src=\"https:\/\/www.europesays.com\/fr\/wp-content\/uploads\/2025\/08\/b4d8226453923a87b307c780c1bf92b5.jpg\" alt=\"\" class=\"photoModule__visual\" itemprop=\"contentUrl url\"\/><\/p>\n<p class=\"credit photoModule__caption photoModule__caption--credit\" style=\"\">\n                    PHOTO ALYSSA POINTER, REUTERS\n                <\/p>\n<p class=\"description photoModule__caption photoModule__caption--description\" style=\"\">\n                    Manifestation \u00e0 Atlanta, en G\u00e9orgie, au lendemain du licenciement par la Maison-Blanche de la directrice des CDC, Susan Monarez, et de la d\u00e9mission de plusieurs hauts responsables, jeudi\n                <\/p>\n<p class=\"paragraph textModule textModule--type-paragraph hasFeaturedAuthor\" style=\"\">Les \u00c9tats-Unis ont aussi coup\u00e9 les ponts avec l\u2019Organisation mondiale de la sant\u00e9. Annul\u00e9 des contrats de recherche \u00e0 hauteur de 500\u00a0millions sur la technologie de l\u2019ARN messager. En plus de comprimer massivement les budgets de recherche et les fonds universitaires. Ce n\u2019est pas pour rien que 75\u00a0% des chercheurs am\u00e9ricains (sondage de Nature) disent vouloir trouver du boulot \u00e0 l\u2019\u00e9tranger.<\/p>\n<p class=\"paragraph textModule textModule--type-paragraph hasFeaturedAuthor\" style=\"\">\u00c7a ne change rien pour l\u2019instant. Mais la capacit\u00e9 du pays \u00e0 faire face \u00e0 une \u00e9pid\u00e9mie, une pand\u00e9mie, une crise sanitaire est s\u00e9rieusement affect\u00e9e. Comme les \u00c9tats-Unis ont \u00e9t\u00e9 un leader mondial en la mati\u00e8re, cela touche le monde entier. Sans parler des risques de contagion id\u00e9ologique et de contagion tout court.<\/p>\n<p class=\"paragraph textModule textModule--type-paragraph hasFeaturedAuthor\" style=\"\">\u00c7a ne change rien pour l\u2019instant, mais il y aura des morts.<\/p>\n<p class=\"paragraph textModule textModule--type-paragraph hasFeaturedAuthor\" style=\"\">Le d\u00e9mant\u00e8lement de la Sant\u00e9 publique am\u00e9ricaine s\u2019ajoute \u00e0 toutes les attaques frontales contre la science. Et jusqu\u2019\u00e0 la collecte de donn\u00e9es.<\/p>\n<p class=\"paragraph textModule textModule--type-paragraph hasFeaturedAuthor\" style=\"\">La destruction volontaire de deux satellites parfaitement fonctionnels qui mesurent le taux de CO2 dans l\u2019atmosph\u00e8re s\u2019inscrit dans le m\u00eame superbe projet de rendre aux \u00c9tats-Unis sa grandeur par l\u2019accroissement de l\u2019ignorance.<\/p>\n<p class=\"epigraph textModule textModule--type-epigraph hasFeaturedAuthor\" style=\"\">Quand il a \u00e9crit The Assault on Reason (La raison assi\u00e9g\u00e9e), en 2007, Al Gore se plaignait de la d\u00e9gradation du d\u00e9bat public, domin\u00e9 par des \u00e9motions aux d\u00e9pens des faits. Il n\u2019avait pas imagin\u00e9 qu\u2019un jour, un pr\u00e9sident cong\u00e9dierait la patronne du bureau des statistiques du travail parce qu\u2019il n\u2019aimait pas ses donn\u00e9es.<\/p>\n<p class=\"paragraph textModule textModule--type-paragraph hasFeaturedAuthor\" style=\"\">M\u00eame les plus grands pourfendeurs r\u00e9publicains du \u00ab\u00a0gros gouvernement\u00a0\u00bb n\u2019ont pas voulu \u00e9radiquer les donn\u00e9es ou nommer volontairement des super-incomp\u00e9tents dans des postes cl\u00e9s.<\/p>\n<p class=\"paragraph textModule textModule--type-paragraph hasFeaturedAuthor\" style=\"\">Le plus consternant est \u00e9videmment l\u2019aplaventrisme du Congr\u00e8s. Le s\u00e9nateur r\u00e9publicain Bill Cassidy a d\u00e9clar\u00e9 jeudi qu\u2019il veut maintenant \u00ab\u00a0superviser\u00a0\u00bb les CDC, vu le bordel actuel.<\/p>\n<p class=\"paragraph textModule textModule--type-paragraph hasFeaturedAuthor\" style=\"\">Ce m\u00eame s\u00e9nateur, un m\u00e9decin, avait fait semblant d\u2019h\u00e9siter \u00e0 confirmer la nomination de RFK \u00e0 la sant\u00e9, vu ses d\u00e9clarations sur les vaccins. Il a longuement expliqu\u00e9 \u00e0 quel point les vaccins sauvent des vies. Mais \u00e0 la fin, bien entendu, il a vot\u00e9 pour sa confirmation. Si une personne aurait d\u00fb savoir ce qui se tramait, c\u2019est bien lui. Et pourtant, il a ouvert toutes grandes les portes du labo aux id\u00e9ologues de RFK pour qu\u2019ils le saccagent.<\/p>\n<p class=\"paragraph textModule textModule--type-paragraph hasFeaturedAuthor\" style=\"\">Ce n\u2019est m\u00eame plus au nom d\u2019une volont\u00e9 de \u00ab\u00a0r\u00e9forme\u00a0\u00bb des institutions scientifiques que tout cela est entrepris. Les CDC comme les universit\u00e9s comme tout le gouvernement m\u00e9ritent des r\u00e9formes et des m\u00e9nages p\u00e9riodiques, bien entendu.<\/p>\n<p class=\"paragraph textModule textModule--type-paragraph hasFeaturedAuthor\" style=\"\">Ce \u00e0 quoi on assiste, c\u2019est carr\u00e9ment la destruction de ces institutions qui ont \u00e9t\u00e9 des r\u00e9f\u00e9rences d\u2019excellence en sciences de la sant\u00e9, en sciences naturelles, en \u00e9conomie, etc.<\/p>\n<p class=\"paragraph textModule textModule--type-paragraph hasFeaturedAuthor\" style=\"\">On a d\u00e9j\u00e0 pr\u00e9tendu que John F. Kennedy s\u2019\u00e9tait entour\u00e9 des meilleurs. \u00ab\u00a0The Best and the Brightest.\u00a0\u00bb<\/p>\n<p class=\"paragraph textModule textModule--type-paragraph hasFeaturedAuthor\" style=\"\">Aujourd\u2019hui, c\u2019est \u00e0 la moronisation de ce grand pays qu\u2019on assiste.<\/p>\n","protected":false},"excerpt":{"rendered":"Robert F. Kennedy fils, secr\u00e9taire \u00e0 la Sant\u00e9 des \u00c9tats-Unis, vient de faire une grande annonce. Tel que&hellip;\n","protected":false},"author":2,"featured_media":356485,"comment_status":"","ping_status":"","sticky":false,"template":"","format":"standard","meta":{"footnotes":""},"categories":[1589],"tags":[11,73,1866,12,1864,1865,1863,308],"class_list":{"0":"post-356484","1":"post","2":"type-post","3":"status-publish","4":"format-standard","5":"has-post-thumbnail","7":"category-etats-unis","8":"tag-actualites","9":"tag-etats-unis","10":"tag-etats-unis-damerique","11":"tag-news","12":"tag-united-states","13":"tag-united-states-of-america","14":"tag-us","15":"tag-usa"},"share_on_mastodon":{"url":"https:\/\/pubeurope.com\/@fr\/115123602275296684","error":""},"_links":{"self":[{"href":"https:\/\/www.europesays.com\/fr\/wp-json\/wp\/v2\/posts\/356484","targetHints":{"allow":["GET"]}}],"collection":[{"href":"https:\/\/www.europesays.com\/fr\/wp-json\/wp\/v2\/posts"}],"about":[{"href":"https:\/\/www.europesays.com\/fr\/wp-json\/wp\/v2\/types\/post"}],"author":[{"embeddable":true,"href":"https:\/\/www.europesays.com\/fr\/wp-json\/wp\/v2\/users\/2"}],"replies":[{"embeddable":true,"href":"https:\/\/www.europesays.com\/fr\/wp-json\/wp\/v2\/comments?post=356484"}],"version-history":[{"count":0,"href":"https:\/\/www.europesays.com\/fr\/wp-json\/wp\/v2\/posts\/356484\/revisions"}],"wp:featuredmedia":[{"embeddable":true,"href":"https:\/\/www.europesays.com\/fr\/wp-json\/wp\/v2\/media\/356485"}],"wp:attachment":[{"href":"https:\/\/www.europesays.com\/fr\/wp-json\/wp\/v2\/media?parent=356484"}],"wp:term":[{"taxonomy":"category","embeddable":true,"href":"https:\/\/www.europesays.com\/fr\/wp-json\/wp\/v2\/categories?post=356484"},{"taxonomy":"post_tag","embeddable":true,"href":"https:\/\/www.europesays.com\/fr\/wp-json\/wp\/v2\/tags?post=356484"}],"curies":[{"name":"wp","href":"https:\/\/api.w.org\/{rel}","templated":true}]}}