{"id":356488,"date":"2025-08-31T13:32:11","date_gmt":"2025-08-31T13:32:11","guid":{"rendered":"https:\/\/www.europesays.com\/fr\/356488\/"},"modified":"2025-08-31T13:32:11","modified_gmt":"2025-08-31T13:32:11","slug":"gare-a-ne-pas-suivre-lexemple-de-la-france-qui-titube-vers-la-faillite","status":"publish","type":"post","link":"https:\/\/www.europesays.com\/fr\/356488\/","title":{"rendered":"Gare \u00e0 ne pas suivre l\u2019exemple de la France, qui \u201ctitube vers la faillite\u201d"},"content":{"rendered":"\n<p>Il para\u00eet que l\u2019on apprend de ses erreurs. Mais les plus malins savent aussi apprendre de celles des autres, des m\u00e9saventures de leurs voisins \u2013 ils s\u2019\u00e9pargnent ainsi bien des d\u00e9sagr\u00e9ments. Ce qui nous am\u00e8ne \u00e0 la crise de la dette fran\u00e7aise, et \u00e0 la question suivante\u00a0: le chancelier [Merz] et son gouvernement se rendront-ils compte que l\u2019heure est venue de prendre une d\u00e9cision\u00a0?<\/p>\n<p>Devons-nous suivre la France \u2013 notre premier partenaire europ\u00e9en \u2013 dans ses ann\u00e9es d\u2019errements budg\u00e9taires, ou r\u00e9fl\u00e9chir \u00e0 une strat\u00e9gie plus coh\u00e9rente et mettre de l\u2019ordre dans nos propres finances publiques\u00a0?<\/p>\n<p>Il suffit de jeter un \u0153il de l\u2019autre c\u00f4t\u00e9 du Rhin pour comprendre ce qui arrive lorsque l\u2019\u00c9tat continue de creuser sa dette en p\u00e9riode de crise, et finance \u00e0 cr\u00e9dit des d\u00e9penses de plus en plus colossales. Depuis la crise financi\u00e8re de 2009, la France vit largement au-dessus de ses moyens.<\/p>\n<p> Trop puissante pour \u00eatre sauv\u00e9e <\/p>\n<p>Entre les retraites accord\u00e9es de bonne heure, les entreprises publiques on\u00e9reuses et un syst\u00e8me de protection sociale disproportionn\u00e9, l\u2019\u00c9tat d\u00e9pense bien plus qu\u2019il ne per\u00e7oit gr\u00e2ce aux recettes fiscales. Et les extr\u00eames, qui sont progressivement mont\u00e9s en puissance de part et d\u2019autre de l\u2019\u00e9chiquier politique, ont depuis longtemps \u00e9teint la soif de r\u00e9formes initiale d\u2019Emmanuel Ma<\/p>\n","protected":false},"excerpt":{"rendered":"Il para\u00eet que l\u2019on apprend de ses erreurs. Mais les plus malins savent aussi apprendre de celles des&hellip;\n","protected":false},"author":2,"featured_media":356489,"comment_status":"","ping_status":"","sticky":false,"template":"","format":"standard","meta":{"footnotes":""},"categories":[1587],"tags":[11,672,1804,1805,7993,1803,1777,674,27,1801,3821,12,316,1802,2542],"class_list":{"0":"post-356488","1":"post","2":"type-post","3":"status-publish","4":"format-standard","5":"has-post-thumbnail","7":"category-allemagne","8":"tag-actualites","9":"tag-allemagne","10":"tag-bundesrepublik-deutschland","11":"tag-de","12":"tag-dette-publique","13":"tag-deutschland","14":"tag-eu","15":"tag-europe","16":"tag-france","17":"tag-germany","18":"tag-la-france-vue-de-lu2019u00e9tranger","19":"tag-news","20":"tag-politique","21":"tag-republique-federale-dallemagne","22":"tag-u00e9conomie"},"share_on_mastodon":{"url":"https:\/\/pubeurope.com\/@fr\/115123634689838652","error":""},"_links":{"self":[{"href":"https:\/\/www.europesays.com\/fr\/wp-json\/wp\/v2\/posts\/356488","targetHints":{"allow":["GET"]}}],"collection":[{"href":"https:\/\/www.europesays.com\/fr\/wp-json\/wp\/v2\/posts"}],"about":[{"href":"https:\/\/www.europesays.com\/fr\/wp-json\/wp\/v2\/types\/post"}],"author":[{"embeddable":true,"href":"https:\/\/www.europesays.com\/fr\/wp-json\/wp\/v2\/users\/2"}],"replies":[{"embeddable":true,"href":"https:\/\/www.europesays.com\/fr\/wp-json\/wp\/v2\/comments?post=356488"}],"version-history":[{"count":0,"href":"https:\/\/www.europesays.com\/fr\/wp-json\/wp\/v2\/posts\/356488\/revisions"}],"wp:featuredmedia":[{"embeddable":true,"href":"https:\/\/www.europesays.com\/fr\/wp-json\/wp\/v2\/media\/356489"}],"wp:attachment":[{"href":"https:\/\/www.europesays.com\/fr\/wp-json\/wp\/v2\/media?parent=356488"}],"wp:term":[{"taxonomy":"category","embeddable":true,"href":"https:\/\/www.europesays.com\/fr\/wp-json\/wp\/v2\/categories?post=356488"},{"taxonomy":"post_tag","embeddable":true,"href":"https:\/\/www.europesays.com\/fr\/wp-json\/wp\/v2\/tags?post=356488"}],"curies":[{"name":"wp","href":"https:\/\/api.w.org\/{rel}","templated":true}]}}