{"id":356490,"date":"2025-08-31T13:33:14","date_gmt":"2025-08-31T13:33:14","guid":{"rendered":"https:\/\/www.europesays.com\/fr\/356490\/"},"modified":"2025-08-31T13:33:14","modified_gmt":"2025-08-31T13:33:14","slug":"quand-la-souverainete-de-la-moldavie-devient-un-enjeu-europeen","status":"publish","type":"post","link":"https:\/\/www.europesays.com\/fr\/356490\/","title":{"rendered":"quand la souverainet\u00e9 de la Moldavie devient un enjeu europ\u00e9en"},"content":{"rendered":"<p><strong>Les dirigeants de la France, de l\u2019Allemagne et de la Pologne viennent de participer \u00e0 Chisinau \u00e0 la f\u00eate de l\u2019ind\u00e9pendance de la Moldavie, aux c\u00f4t\u00e9s de la pr\u00e9sidente pro-europ\u00e9enne Maia Sandu, alors que se profilent des \u00e9lections l\u00e9gislatives tr\u00e8s disput\u00e9es o\u00f9 le parti de Sandu, au pouvoir, sera confront\u00e9 \u00e0 une opposition pro-russe d\u00e9sireuse d\u2019imposer au pays un chemin inverse \u00e0 celui emprunt\u00e9 au cours de ces derni\u00e8res ann\u00e9es, qui l\u2019ont vu obtenir le statut de candidat \u00e0 l\u2019adh\u00e9sion \u00e0 l\u2019UE.<\/strong><\/p>\n<p>Pour la premi\u00e8re fois depuis son ind\u00e9pendance en 1991, la Moldavie a accueilli, \u00e0 l\u2019occasion de sa f\u00eate nationale du 27\u00a0ao\u00fbt 2025, les trois dirigeants europ\u00e9ens du triangle de Weimar\u00a0: Emmanuel Macron, Friedrich Merz et Donald Tusk. Cette venue remarqu\u00e9e ne manque pas d\u2019\u00eatre analys\u00e9e comme un soutien \u00e0 la trajectoire europ\u00e9enne du pays, mais aussi \u00e0 la pr\u00e9sidente Maia Sandu et \u00e0 son parti, le Parti Action et Solidarit\u00e9 (PAS). \u00c0 un mois des \u00e9lections l\u00e9gislatives du 28\u00a0septembre prochain, si cette marque de soutien s\u2019av\u00e8re bienvenue pour le parti au pouvoir, elle n\u2019en comporte pas moins le risque d\u2019attiser la polarisation politique.<\/p>\n<p>En effet, la pr\u00e9sence des leaders fran\u00e7ais, allemand et polonais lors de cette f\u00eate nationale est survenue \u00e0 un moment hautement strat\u00e9gique quand, plus que jamais, la Moldavie \u2013 pays de 2,6\u00a0millions d\u2019habitants et seulement 33\u00a0000\u00a0kilom\u00e8tres carr\u00e9s situ\u00e9 entre la Roumanie et l\u2019Ukraine, et dont une partie de pr\u00e8s de 4\u00a0000\u00a0kilom\u00e8tres carr\u00e9s, la Transnistrie, est sous lourde influence de Moscou depuis plus de trente ans \u2013 oscille entre l\u2019influence g\u00e9opolitique de l\u2019UE et celle de la Russie.<\/p>\n<p>Une f\u00eate nationale sous haute tension g\u00e9opolitique<\/p>\n<p><a href=\"https:\/\/www.moldavie.fr\/Le-Jour-de-l-Independance-de-la-Moldavie-celebre-sous-le.html\" rel=\"nofollow noopener\" target=\"_blank\">Pr\u00e8s de 100\u00a0000 personnes<\/a> se sont rassembl\u00e9es \u00e0 Chisinau pour \u00e9couter les discours des trois dirigeants europ\u00e9ens, tous unis dans leur condamnation des <a href=\"https:\/\/www.franceinfo.fr\/monde\/russie\/a-un-mois-des-elections-legislatives-en-moldavie-les-tentatives-d-ingerence-russe-se-multiplient_7457440.html\" rel=\"nofollow noopener\" target=\"_blank\">multiples ing\u00e9rences de Moscou<\/a> visant \u00e0 discr\u00e9diter Ma\u00efa Sandu et \u00e0 faire perdre les prochaines \u00e9lections au PAS, le Kremlin soutenant une coalition d\u00e9nomm\u00e9e <a href=\"https:\/\/www.moldpres.md\/eng\/patriotic-electoral-bloc-of-socialists-communists-heart-and-future-of-moldova-starts-electoral-campaign\" rel=\"nofollow noopener\" target=\"_blank\">Bloc \u00e9lectoral patriotique<\/a>.<\/p>\n<p>La f\u00eate s\u2019est ainsi transform\u00e9e en meeting diplomatique, \u00e0 l\u2019heure o\u00f9 les incertitudes du front ukrainien sont nombreuses, et entretenues par la d\u00e9sinformation russe. Un exemple parmi d\u2019autres\u00a0: ce rassemblement s\u2019est tenu le jour m\u00eame de la propagation d\u2019une fausse rumeur concernant l\u2019envoi de 700 volontaires moldaves pour aller combattre en Ukraine, apparue dans un obscur journal turc et <a href=\"https:\/\/stopfals.md\/ro\/article\/fals-maia-sandu-va-trimite-700-de-voluntari-in-ucraina-dupa-alegeri-181295\" rel=\"nofollow noopener\" target=\"_blank\">largement amplifi\u00e9e par les r\u00e9seaux russes (presse, Facebook, Telegram)<\/a>. De quoi apporter de l\u2019eau au moulin d\u2019une opposition qui accuse r\u00e9guli\u00e8rement, et avec v\u00e9h\u00e9mence, Maia Sandu, laquelle <a href=\"https:\/\/presedinte.md\/eng\/discursuri\/maia-sandus-remarks-at-the-ukrainesoutheast-europe-summit-in-odesa\" rel=\"nofollow noopener\" target=\"_blank\">affiche volontiers son soutien \u00e0 Kiev<\/a>, de vouloir entra\u00eener la Moldavie dans la guerre.<\/p>\n<\/p>\n<p>Cette journ\u00e9e aura soulign\u00e9 combien le clivage g\u00e9opolitique, aux c\u00f4t\u00e9s des enjeux \u00e9conomiques (\u00e9tatistes contre lib\u00e9raux) et culturels (places respectives de la langue nationale et des langues minoritaires), sans que ces clivages ne se recoupent totalement, est fondamental depuis l\u2019ind\u00e9pendance. Cette polarisation est si marqu\u00e9e qu\u2019on a parfois qualifi\u00e9 les formations politiques moldaves de <a href=\"https:\/\/www.ifri.org\/fr\/notes\/moldavie-un-systeme-politique-sous-tension-entre-aspirations-europeennes-et-guerre-en-ukraine\" rel=\"nofollow noopener\" target=\"_blank\">\u00ab\u00a0partis g\u00e9opolitiques\u00a0\u00bb<\/a>.<\/p>\n<p>Lors de la campagne pr\u00e9sidentielle de 2020, qui s\u2019\u00e9tait sold\u00e9e par sa premi\u00e8re \u00e9lection, avant sa r\u00e9\u00e9lection en 2024, Maia Sandu avait pourtant exprim\u00e9 sa volont\u00e9 de sortir de ce clivage politique pour se concentrer sur les r\u00e9formes internes\u00a0; mais, depuis, l\u2019approche a \u00e9t\u00e9 compl\u00e8tement renvers\u00e9e. La pr\u00e9sidente <a href=\"https:\/\/point.md\/ru\/novosti\/politika\/sandu-v-sluchae-pobedy-prorossiiskikh-partii-moldova-mozhet-byt-ispol-zovana-protiv-ukrainy\/\" rel=\"nofollow noopener\" target=\"_blank\">affirme d\u00e9sormais<\/a> que si les partis pro-russes l\u2019emportent \u00e0 l\u2019occasion de la prochaine \u00e9lection l\u00e9gislative, \u00ab\u00a0nous perdrons la chance d\u2019adh\u00e9rer \u00e0 l\u2019UE d\u2019ici 2030. Il existe un grand risque que la Moldavie se retrouve dans une position o\u00f9 elle peut \u00eatre utilis\u00e9e par Moscou contre l\u2019Ukraine, ce qui cr\u00e9era de graves menaces pour la s\u00e9curit\u00e9 et la vie de nos citoyens\u00a0\u00bb.<\/p>\n<p>Guerre en Ukraine, paix en Alaska\u00a0: un scrutin moldave sous influence globale<\/p>\n<p>La guerre en Ukraine a constitu\u00e9 un v\u00e9ritable acc\u00e9l\u00e9rateur de l\u2019histoire pour l\u2019int\u00e9gration europ\u00e9enne de la Moldavie.<\/p>\n<p>D\u00e8s les premiers jours du conflit, <a href=\"https:\/\/theconversation.com\/la-pressante-question-des-refugies-ukrainiens-en-moldavie-178793\" rel=\"nofollow noopener\" target=\"_blank\">l\u2019accueil massif de r\u00e9fugi\u00e9s ukrainiens<\/a> a li\u00e9 le destin des deux anciennes R\u00e9publiques sovi\u00e9tiques. La d\u00e9termination de l\u2019\u00e9quipe au pouvoir \u00e0 Chisinau a alors permis \u00e0 la Moldavie d\u2019<a href=\"https:\/\/www.consilium.europa.eu\/fr\/policies\/moldova\/\" rel=\"nofollow noopener\" target=\"_blank\">obtenir le statut de candidat officiel en juin 2022<\/a>, chose qui aurait \u00e9t\u00e9 jug\u00e9e improbable en janvier 2022, au tout d\u00e9but de la pr\u00e9sidence fran\u00e7aise de l\u2019Union europ\u00e9enne.<\/p>\n<p><a href=\"https:\/\/www.vie-publique.fr\/en-bref\/292425-lue-decide-douvrir-les-negociations-dadhesion-avec-lukraine-et-la-mo\" rel=\"nofollow noopener\" target=\"_blank\">L\u2019ouverture des n\u00e9gociations en d\u00e9cembre 2023<\/a> a constitu\u00e9 une nouvelle \u00e9tape cruciale de ce chemin, qui devrait amener la Moldavie \u00e0 devenir un \u00c9tat membre \u00e0 l\u2019horizon de cinq ans. Pour l\u2019\u00e9quipe Sandu, les conditions de cette int\u00e9gration passent par le soutien \u00e0 l\u2019Ukraine, le respect des sanctions contre la Russie d\u00e9cid\u00e9es par l\u2019UE, ainsi que par l\u2019appel \u00e0 une paix durable avec de solides garanties de s\u00e9curit\u00e9 pour l\u2019Ukraine. En cela, elle n\u2019a pas chang\u00e9 de ligne de conduite en d\u00e9pit des vicissitudes.<\/p>\n<p>            <img decoding=\"async\" alt=\"\" class=\"lazyload\" src=\"https:\/\/www.europesays.com\/fr\/wp-content\/uploads\/2025\/08\/file-20250831-56-544aw6.jpg\"  \/><\/p>\n<p>              Manifestation d\u2019opposition, 12\u00a0octobre 2024. Sur la pancarte\u00a0: \u00ab\u00a0Maia Sandu et l\u2019UE\u00a0: pauvret\u00e9 et froid dans chaque foyer\u00a0\u00bb.<br \/>\n              Daniel Mihailescu\/AFP<\/p>\n<p>Toutefois, derri\u00e8re le pari de la continuit\u00e9 du soutien occidental \u00e0 l\u2019Ukraine, de nouvelles incertitudes \u00e9mergent pour le pouvoir moldave avec les n\u00e9gociations entre Trump et Poutine, <a href=\"https:\/\/theconversation.com\/quand-donald-trump-deroule-le-tapis-rouge-pour-vladimir-poutine-263313\" rel=\"nofollow noopener\" target=\"_blank\">qui ont pris un tournant spectaculaire en Alaska le 15\u00a0ao\u00fbt dernier<\/a>, redessinant les perspectives r\u00e9gionales. Alors que Joe Biden <a href=\"https:\/\/bidenwhitehouse.archives.gov\/briefing-room\/statements-releases\/2024\/11\/04\/statement-by-president-joe-biden-on-moldovas-presidential-elections\/\" rel=\"nofollow noopener\" target=\"_blank\">citait la Moldavie en exemple de d\u00e9mocratisation<\/a>, le pays a au contraire fait l\u2019objet de critiques de la part de Donald Trump qui a affirm\u00e9, au moment de justifier la fermeture d\u2019USAID, que <a href=\"https:\/\/www.romania-insider.com\/moldova-us-wasted-funds-trump-says-during-speech-congress-2025\" rel=\"nofollow noopener\" target=\"_blank\">l\u2019Agence y avait d\u00e9pens\u00e9 de l\u2019argent en vain<\/a>.<\/p>\n<p>L\u2019opposition moldave pro-russe, elle, voit dans la ligne de Donald Trump une perspective prometteuse. Sur sa cha\u00eene Telegram, l\u2019ancien pr\u00e9sident et figure de l\u2019opposition Igor Dodon (2016-2020) a ainsi d\u00e9clar\u00e9 \u00e0 propos de la rencontre alaskienne qu\u2019elle \u00e9tait \u00ab\u00a0un \u00e9v\u00e9nement historique et un exemple de responsabilit\u00e9 politique et de maturit\u00e9 des dirigeants des deux principales puissances mondiales.\u00a0\u00bb \u00c0 cette occasion, l\u2019opposition ne manque pas non plus d\u2019essayer de recentrer le d\u00e9bat sur les enjeux internes, marqu\u00e9s par un <a href=\"https:\/\/carnegieendowment.org\/russia-eurasia\/politika\/2025\/05\/moldova-between-usa-russia\" rel=\"nofollow noopener\" target=\"_blank\">bilan socio-\u00e9conomique jug\u00e9 bien en de\u00e7\u00e0 des avanc\u00e9es en mati\u00e8re de politique \u00e9trang\u00e8re<\/a>.<\/p>\n<p>L\u2019Europe comme rempart, la Moldavie comme test<\/p>\n<p>La visite du \u00ab\u00a0trio de Weimar\u00a0\u00bb ne se limite pas \u00e0 un appui \u00e9lectoral de courte vue au PAS, mais incarne la volont\u00e9 de stabiliser une r\u00e9gion o\u00f9 se joue une partie de l\u2019avenir de l\u2019Europe.<\/p>\n<p>En 2009, l\u2019Union europ\u00e9enne avait mis en place une politique dite de <a href=\"https:\/\/www.consilium.europa.eu\/fr\/policies\/eastern-partnership\/\" rel=\"nofollow noopener\" target=\"_blank\">Partenariat oriental<\/a>, \u00e0 destination des pays situ\u00e9s entre elle et la Russie. Un rapide \u00e9tat des lieux des six pays concern\u00e9s permet de faire ressortir la singularit\u00e9 de la Moldavie\u00a0: la Bi\u00e9lorussie est d\u00e9sormais un \u00c9tat sous emprise politique de la Russie\u00a0; l\u2019Ukraine est en guerre\u00a0; la G\u00e9orgie a vu son gouvernement, contre les souhaits de son opinion publique, se d\u00e9tourner de l\u2019int\u00e9gration europ\u00e9enne\u00a0; enfin, l\u2019Arm\u00e9nie et l\u2019Azerba\u00efdjan, qui se sont affront\u00e9s militairement \u00e0 plusieurs reprises ces derni\u00e8res ann\u00e9es, viennent d\u2019accepter une m\u00e9diation am\u00e9ricaine, fragilisant le r\u00f4le des Europ\u00e9ens au Caucase du Sud.<\/p>\n<p>Dans ce contexte, la Moldavie devient la vitrine des b\u00e9n\u00e9fices de l\u2019int\u00e9gration europ\u00e9enne pour la r\u00e9gion, tant en mati\u00e8re de s\u00e9curit\u00e9 que de d\u00e9veloppement. Avec une opinion publique tr\u00e8s majoritairement <a href=\"https:\/\/moldova1.md\/p\/55492\/moldova-s-public-opinion-on-eu-nato-and-russia\" rel=\"nofollow noopener\" target=\"_blank\">hostile \u00e0 une int\u00e9gration \u00e0 l\u2019OTAN<\/a> (la Moldavie \u00e9tant constitutionnellement neutre) mais <a href=\"https:\/\/euneighbourseast.eu\/news\/opinion-polls\/most-moldovans-trust-and-have-a-positive-image-of-the-eu-opinion-poll-finds\/\" rel=\"nofollow noopener\" target=\"_blank\">souhaitant n\u00e9anmoins int\u00e9grer l\u2019UE<\/a> (le r\u00e9f\u00e9rendum pour inscrire dans la Constitution l\u2019ambition europ\u00e9enne de la Moldavie d\u2019octobre 2024 ayant \u00e9t\u00e9 approuv\u00e9 \u00e0 une courte majorit\u00e9 de 50,4\u00a0%), les dirigeants moldaves se concentrent sur la mise en avant des apports europ\u00e9ens en termes d\u2019infrastructures, d\u2019\u00e9ducation ou de sant\u00e9.<\/p>\n<p>Le PAS mise sur l\u2019argument europ\u00e9en pour mobiliser ses \u00e9lecteurs, soulignant qu\u2019une alternance politique risquerait de compromettre la confiance des partenaires europ\u00e9ens et de freiner le processus d\u2019int\u00e9gration \u00e0 l\u2019UE. Selon le <a href=\"https:\/\/stiri.md\/article\/politica\/popsoi-nu-vom-permite-actorilor-straini-sa-submineze-suveranitatea\" rel=\"nofollow noopener\" target=\"_blank\">ministre des affaires \u00e9trang\u00e8res Mihai Popsoi<\/a>, les \u00e9lections l\u00e9gislatives du 28\u00a0septembre seront d\u00e9cisives pour le pays et s\u2019accompagneront in\u00e9vitablement d\u2019une grande polarisation. Les autorit\u00e9s s\u2019attachent d\u00e9sormais \u00e0 renforcer les institutions d\u00e9mocratiques et \u00e0 lutter contre les ing\u00e9rences ext\u00e9rieures, esp\u00e9rant ainsi pr\u00e9server la stabilit\u00e9 et la souverainet\u00e9 du pays.<\/p>\n<p>En d\u00e9finitive, le scrutin de septembre est bien plus qu\u2019un vote national\u00a0: il constitue un test de r\u00e9silience d\u00e9mocratique pour toute la r\u00e9gion. Le paradoxe est saisissant\u00a0: la f\u00eate d\u2019ind\u00e9pendance est c\u00e9l\u00e9br\u00e9e alors que la Moldavie se trouve d\u00e9chir\u00e9e entre des influences ext\u00e9rieures oppos\u00e9es. Mais ce paradoxe r\u00e9v\u00e8le une v\u00e9rit\u00e9 plus profonde\u00a0: la Moldavie est devenue un pivot strat\u00e9gique incontournable. Dans ce nouveau contexte g\u00e9opolitique, la souverainet\u00e9 moldave ne se mesure plus \u00e0 son isolement, mais \u00e0 sa capacit\u00e9 \u00e0 choisir ses alliances et \u00e0 r\u00e9sister aux pressions ext\u00e9rieures. De fait, l\u2019enjeu d\u00e9passe d\u00e9sormais largement les fronti\u00e8res de ce petit \u00c9tat\u00a0: c\u2019est la cr\u00e9dibilit\u00e9 m\u00eame du projet d\u2019\u00e9largissement europ\u00e9en qui se joue dans les urnes moldaves.<\/p>\n","protected":false},"excerpt":{"rendered":"Les dirigeants de la France, de l\u2019Allemagne et de la Pologne viennent de participer \u00e0 Chisinau \u00e0 la&hellip;\n","protected":false},"author":2,"featured_media":356491,"comment_status":"","ping_status":"","sticky":false,"template":"","format":"standard","meta":{"footnotes":""},"categories":[1586],"tags":[11,1777,674,1011,27,12,25],"class_list":{"0":"post-356490","1":"post","2":"type-post","3":"status-publish","4":"format-standard","5":"has-post-thumbnail","7":"category-europe","8":"tag-actualites","9":"tag-eu","10":"tag-europe","11":"tag-fr","12":"tag-france","13":"tag-news","14":"tag-republique-francaise"},"share_on_mastodon":{"url":"https:\/\/pubeurope.com\/@fr\/115123637965341480","error":""},"_links":{"self":[{"href":"https:\/\/www.europesays.com\/fr\/wp-json\/wp\/v2\/posts\/356490","targetHints":{"allow":["GET"]}}],"collection":[{"href":"https:\/\/www.europesays.com\/fr\/wp-json\/wp\/v2\/posts"}],"about":[{"href":"https:\/\/www.europesays.com\/fr\/wp-json\/wp\/v2\/types\/post"}],"author":[{"embeddable":true,"href":"https:\/\/www.europesays.com\/fr\/wp-json\/wp\/v2\/users\/2"}],"replies":[{"embeddable":true,"href":"https:\/\/www.europesays.com\/fr\/wp-json\/wp\/v2\/comments?post=356490"}],"version-history":[{"count":0,"href":"https:\/\/www.europesays.com\/fr\/wp-json\/wp\/v2\/posts\/356490\/revisions"}],"wp:featuredmedia":[{"embeddable":true,"href":"https:\/\/www.europesays.com\/fr\/wp-json\/wp\/v2\/media\/356491"}],"wp:attachment":[{"href":"https:\/\/www.europesays.com\/fr\/wp-json\/wp\/v2\/media?parent=356490"}],"wp:term":[{"taxonomy":"category","embeddable":true,"href":"https:\/\/www.europesays.com\/fr\/wp-json\/wp\/v2\/categories?post=356490"},{"taxonomy":"post_tag","embeddable":true,"href":"https:\/\/www.europesays.com\/fr\/wp-json\/wp\/v2\/tags?post=356490"}],"curies":[{"name":"wp","href":"https:\/\/api.w.org\/{rel}","templated":true}]}}