{"id":356505,"date":"2025-08-31T13:43:09","date_gmt":"2025-08-31T13:43:09","guid":{"rendered":"https:\/\/www.europesays.com\/fr\/356505\/"},"modified":"2025-08-31T13:43:09","modified_gmt":"2025-08-31T13:43:09","slug":"le-club-des-200-a-lhonneur","status":"publish","type":"post","link":"https:\/\/www.europesays.com\/fr\/356505\/","title":{"rendered":"Le club des 200 \u00e0 l&rsquo;honneur"},"content":{"rendered":"<p>1606 s\u00e9lections r\u00e9unis dans le rond central de l&rsquo;Accor Arena. En marge du France-Espagne ce samedi, les internationaux tricolores ayant plus de 200 s\u00e9lections au compteur ont \u00e9t\u00e9 mis \u00e0 l&rsquo;honneur par la FFBB (\u00e0 l&rsquo;exception d&rsquo;Eric Beugnot, absent). Au travers des g\u00e9n\u00e9rations, ils ont marqu\u00e9 l&rsquo;Equipe de France. Et ont \u00e9t\u00e9 mis \u00e0 l&rsquo;honneur ce samedi devant les supporters fran\u00e7ais qui leur ont r\u00e9serv\u00e9 un accueil chaleureux, \u00e0 la hauteur de l&#8217;empreinte qu&rsquo;ils ont laiss\u00e9 dans les livres d&rsquo;histoire du basket fran\u00e7ais.<\/p>\n<p>Le club des 200 : Herv\u00e9 Dubuisson (259 s\u00e9lections), Jacques Cachemire (250 s\u00e9lections), Boris Diaw (247 s\u00e9lections), Florent Pietrus (230 s\u00e9lections), Eric Beugnot (212 s\u00e9lections), Jean-Michel S\u00e9n\u00e9gal (210 s\u00e9lections), Nando De Colo (209 s\u00e9lections) et Jacques Monclar (201 s\u00e9lections).<\/p>\n","protected":false},"excerpt":{"rendered":"1606 s\u00e9lections r\u00e9unis dans le rond central de l&rsquo;Accor Arena. En marge du France-Espagne ce samedi, les internationaux&hellip;\n","protected":false},"author":2,"featured_media":356506,"comment_status":"","ping_status":"","sticky":false,"template":"","format":"standard","meta":{"footnotes":""},"categories":[1414],"tags":[1465,1464,1011,27,60],"class_list":{"0":"post-356505","1":"post","2":"type-post","3":"status-publish","4":"format-standard","5":"has-post-thumbnail","7":"category-basket","8":"tag-basket","9":"tag-basketball","10":"tag-fr","11":"tag-france","12":"tag-sports"},"share_on_mastodon":{"url":"https:\/\/pubeurope.com\/@fr\/115123677066803792","error":""},"_links":{"self":[{"href":"https:\/\/www.europesays.com\/fr\/wp-json\/wp\/v2\/posts\/356505","targetHints":{"allow":["GET"]}}],"collection":[{"href":"https:\/\/www.europesays.com\/fr\/wp-json\/wp\/v2\/posts"}],"about":[{"href":"https:\/\/www.europesays.com\/fr\/wp-json\/wp\/v2\/types\/post"}],"author":[{"embeddable":true,"href":"https:\/\/www.europesays.com\/fr\/wp-json\/wp\/v2\/users\/2"}],"replies":[{"embeddable":true,"href":"https:\/\/www.europesays.com\/fr\/wp-json\/wp\/v2\/comments?post=356505"}],"version-history":[{"count":0,"href":"https:\/\/www.europesays.com\/fr\/wp-json\/wp\/v2\/posts\/356505\/revisions"}],"wp:featuredmedia":[{"embeddable":true,"href":"https:\/\/www.europesays.com\/fr\/wp-json\/wp\/v2\/media\/356506"}],"wp:attachment":[{"href":"https:\/\/www.europesays.com\/fr\/wp-json\/wp\/v2\/media?parent=356505"}],"wp:term":[{"taxonomy":"category","embeddable":true,"href":"https:\/\/www.europesays.com\/fr\/wp-json\/wp\/v2\/categories?post=356505"},{"taxonomy":"post_tag","embeddable":true,"href":"https:\/\/www.europesays.com\/fr\/wp-json\/wp\/v2\/tags?post=356505"}],"curies":[{"name":"wp","href":"https:\/\/api.w.org\/{rel}","templated":true}]}}