{"id":356509,"date":"2025-08-31T13:45:22","date_gmt":"2025-08-31T13:45:22","guid":{"rendered":"https:\/\/www.europesays.com\/fr\/356509\/"},"modified":"2025-08-31T13:45:22","modified_gmt":"2025-08-31T13:45:22","slug":"toto-wolff-pret-a-reveler-une-excitante-equipe-de-pilotes-mercedes-f1-2026-avec-russell-et-antonelli","status":"publish","type":"post","link":"https:\/\/www.europesays.com\/fr\/356509\/","title":{"rendered":"Toto Wolff pr\u00eat \u00e0 r\u00e9v\u00e9ler une excitante \u00e9quipe de pilotes Mercedes F1 2026 avec Russell et Antonelli !"},"content":{"rendered":"<p>Toto Wolff pr\u00eat \u00e0 r\u00e9v\u00e9ler une composition choquante des pilotes Mercedes F1 pour 2026 : s\u2019agit-il de l\u2019\u00e9quipe de r\u00eave ?<\/p>\n<p>Dans un tournant palpitant des \u00e9v\u00e9nements, le directeur de l\u2019\u00e9quipe Mercedes, Toto Wolff, est sur le point d\u2019annoncer la composition tant attendue des pilotes pour la saison 2026 de Formule 1. Les sp\u00e9culations vont bon train, notamment autour d\u2019un \u00e9ventuel transfert spectaculaire du champion en titre Max Verstappen de Red Bull. Cependant, avec la confirmation que Verstappen restera avec son \u00e9quipe actuelle, tous les regards se tournent maintenant vers les Fl\u00e8ches d\u2019Argent, qui semblent pr\u00eates \u00e0 maintenir leurs pilotes actuels.<\/p>\n<p>Le futur de George Russell, dont le contrat arrive \u00e0 expiration \u00e0 la fin de cette saison, a \u00e9t\u00e9 un sujet br\u00fblant. Les n\u00e9gociations entre lui et Wolff sont en cours, soulevant des questions sur son avenir chez Mercedes. Pendant ce temps, la sensation des rookies Kimi Antonelli, tout juste sorti d\u2019un contrat d\u2019un an pour succ\u00e9der \u00e0 la l\u00e9gende Lewis Hamilton, est \u00e9galement un point focal de ce drame \u00e0 enjeux \u00e9lev\u00e9s.<\/p>\n<p>Wolff a r\u00e9cemment laiss\u00e9 entendre fortement que le duo dynamique de Russell et Antonelli continuera \u00e0 dominer la grille en 2026, d\u00e9clarant : \u00ab\u00a0Cela sera confirm\u00e9, absolument. Il n\u2019y a aucune raison de ne pas continuer avec les deux ; ils font du bon travail.\u00a0\u00bb Sa confiance dans la performance de Russell est particuli\u00e8rement frappante, car il a affirm\u00e9 : \u00ab\u00a0George performe mieux que la voiture dans la plupart des grands prix en ce qui me concerne.\u00a0\u00bb Cette affirmation audacieuse souligne l\u2019incroyable talent et l\u2019adaptabilit\u00e9 de Russell, m\u00eame dans des circonstances moins qu\u2019id\u00e9ales.<\/p>\n<p>Wolff a \u00e9galement abord\u00e9 le potentiel du d\u00e9butant, soulignant la n\u00e9cessit\u00e9 de \u00ab\u00a0reconstruire la confiance\u00a0\u00bb en Antonelli, mais a rassur\u00e9 les fans en disant que \u00ab\u00a0la vitesse est d\u00e9finitivement l\u00e0, donc tout ira bien.\u00a0\u00bb Cet engagement \u00e0 nourrir les jeunes talents tout en maintenant un avantage comp\u00e9titif pourrait tr\u00e8s bien pr\u00e9parer le terrain pour une saison 2026 palpitante.<\/p>\n<p>\u00c0 l\u2019approche du Grand Prix des Pays-Bas, les passionn\u00e9s de course du monde entier attendent avec impatience la confirmation officielle de Brackley. Les pr\u00e9dictions de Wolff se r\u00e9aliseront-elles, solidifiant le partenariat Russell-Antonelli, ou y a-t-il des surprises qui se cachent dans l\u2019ombre ? Seul le temps le dira, mais une chose est certaine : l\u2019\u00e9quipe Mercedes F1 se pr\u00e9pare pour un avenir \u00e9lectrisant !<\/p>\n","protected":false},"excerpt":{"rendered":"Toto Wolff pr\u00eat \u00e0 r\u00e9v\u00e9ler une composition choquante des pilotes Mercedes F1 pour 2026 : s\u2019agit-il de l\u2019\u00e9quipe&hellip;\n","protected":false},"author":2,"featured_media":356510,"comment_status":"","ping_status":"","sticky":false,"template":"","format":"standard","meta":{"footnotes":""},"categories":[1412],"tags":[47015,49237,44428,1451,1452,1453,1454,1455,1011,27,29754,45597,44485,60],"class_list":{"0":"post-356509","1":"post","2":"type-post","3":"status-publish","4":"format-standard","5":"has-post-thumbnail","7":"category-f1","8":"tag-1958-formula-1-season","9":"tag-2026-formula-one-season","10":"tag-andrea-kimi-antonelli","11":"tag-f1","12":"tag-formula-1","13":"tag-formula1","14":"tag-formule-1","15":"tag-formule1","16":"tag-fr","17":"tag-france","18":"tag-george-russells","19":"tag-jamarr-chases-mercedes-maybach","20":"tag-max-verstappen-en","21":"tag-sports"},"share_on_mastodon":{"url":"https:\/\/pubeurope.com\/@fr\/115123684874146744","error":""},"_links":{"self":[{"href":"https:\/\/www.europesays.com\/fr\/wp-json\/wp\/v2\/posts\/356509","targetHints":{"allow":["GET"]}}],"collection":[{"href":"https:\/\/www.europesays.com\/fr\/wp-json\/wp\/v2\/posts"}],"about":[{"href":"https:\/\/www.europesays.com\/fr\/wp-json\/wp\/v2\/types\/post"}],"author":[{"embeddable":true,"href":"https:\/\/www.europesays.com\/fr\/wp-json\/wp\/v2\/users\/2"}],"replies":[{"embeddable":true,"href":"https:\/\/www.europesays.com\/fr\/wp-json\/wp\/v2\/comments?post=356509"}],"version-history":[{"count":0,"href":"https:\/\/www.europesays.com\/fr\/wp-json\/wp\/v2\/posts\/356509\/revisions"}],"wp:featuredmedia":[{"embeddable":true,"href":"https:\/\/www.europesays.com\/fr\/wp-json\/wp\/v2\/media\/356510"}],"wp:attachment":[{"href":"https:\/\/www.europesays.com\/fr\/wp-json\/wp\/v2\/media?parent=356509"}],"wp:term":[{"taxonomy":"category","embeddable":true,"href":"https:\/\/www.europesays.com\/fr\/wp-json\/wp\/v2\/categories?post=356509"},{"taxonomy":"post_tag","embeddable":true,"href":"https:\/\/www.europesays.com\/fr\/wp-json\/wp\/v2\/tags?post=356509"}],"curies":[{"name":"wp","href":"https:\/\/api.w.org\/{rel}","templated":true}]}}