{"id":356511,"date":"2025-08-31T13:46:11","date_gmt":"2025-08-31T13:46:11","guid":{"rendered":"https:\/\/www.europesays.com\/fr\/356511\/"},"modified":"2025-08-31T13:46:11","modified_gmt":"2025-08-31T13:46:11","slug":"direct-fin-de-lechappee-ca-attaque-de-toutes-parts-suivez-la-bretagne-classic-en-direct-le-telegramme","status":"publish","type":"post","link":"https:\/\/www.europesays.com\/fr\/356511\/","title":{"rendered":"DIRECT &#8211; Fin de l&#039;\u00e9chapp\u00e9e, \u00e7a attaque de toutes parts, suivez la Bretagne Classic en direct &#8211; Le T\u00e9l\u00e9gramme"},"content":{"rendered":"<ol>\n<li><a href=\"https:\/\/news.google.com\/rss\/articles\/CBMioAFBVV95cUxQUUpTWXJqTkUtTXl2a2FYNGhOUy1aR3ExT190VE5LWk1TeFBvbUt5YzN6bXp1NjE0a3VwUTZJeXlmbGp2ZHNqZzhCRnVFN2RUT01lWkFkT3FoWWdCblBfWW5LUzZyT2hFdEJMOTVZNVhuV3doZHVqRk9BZmlmdVZEVE1XRjM2M0VBcUZkTURrMzBaY2t6UmZSU19hMm9rWVVN?oc=5\" target=\"_blank\" rel=\"noopener\">DIRECT &#8211; Fin de l&rsquo;\u00e9chapp\u00e9e, \u00e7a attaque de toutes parts, suivez la Bretagne Classic en direct<\/a>&nbsp;&nbsp;Le T\u00e9l\u00e9gramme<\/li>\n<li><a href=\"https:\/\/news.google.com\/rss\/articles\/CBMi_wFBVV95cUxQZEZlOHBNbXpEeWRqdHhkRjQ0dW9Zd0o2ZUF0T2ltLVVPS0tta1NjOHIwWWFndkMtQURqbzFlMkhuUlhIcjk0STFZVTlLUmJVRVE1aWhKdVd0eVI4N0Q5ZDNMNTV5cGNraS1EQ3Z2SGZCX0VIcUNqckpRTE1sa2c3eDd2QWc1anJESW9YdE1tLTl5TG9UMXBnaFczRW1ldkFodE1MUXhydEVlaHFrMnczazh5VVJtV2oxWmI5WWUwa3JFX0IxbGc4OHVmeURrejBqbkUxNFdMd1B3NnFhZ0lGcU9qbVRfOUI2QnMxeEhDbEpaUk8xM3pLOThPWWR1Qzg?oc=5\" target=\"_blank\" rel=\"noopener\">DIRECT. Bretagne Classic \u00e0 Plouay : les attaques s&rsquo;encha\u00eenent \u00e0 l&rsquo;avant, suivez la course en live<\/a>&nbsp;&nbsp;Ouest-France<\/li>\n<li><a href=\"https:\/\/news.google.com\/rss\/articles\/CBMi-AFBVV95cUxNRWJBR2FGUFlUeExRN3llNkltV3pqZExMeV9KbUw1bVhiSWhEWDBiNTYzRHBRNVFwUHNENWEwYkxBdGhUM3QwYmhKLXQzU29uSVhBVnNJb3c5cUQ3N2lPZ1hKbzVQZ2FXS2FVdUt2ZW50QXRwUzJ0LWt5MmJvam42OWdocDRhSHUzTlRaeXFJOWhlZ0lIUUZkb3ZSZnJTLURuc1pFTXFPaVE0YzRIRzdkUDFReWNPNlo3SlRza1VLQW9rNjJlX0FRNEI3S3g5b2N3RENjTUsybGRLSUN5UG8teWhzQzBGXy1Ob2hhd0R0Um14bTU5UTh1OA?oc=5\" target=\"_blank\" rel=\"noopener\">Cyclisme &#8211; Bretagne Classic CIC Ouest-France 2025 &#8211; Plouay et sa Bretagne Classic ce dimanche !<\/a>&nbsp;&nbsp;Orange Actualit\u00e9s | Sports<\/li>\n<li><a href=\"https:\/\/news.google.com\/rss\/articles\/CBMi2wFBVV95cUxOY2JKMS13SEptMG15UlpuMGUyMHlwX3ZtX0s0Rkd2a3o5QjBLRUxEMXZ3eVJTVDhDSksweHJZdHZZSks1ZEljNkYyLS1EQnJQTnRwUDNaeWVuNUZIYUN1bWhpTmxLVzR6WFpNQmhZbEswLXBwbnFCUHZ0TmxQQW1WZUhsRjNBZ0Y0ZW83RGh4bjdsRlVEam5wYmZpRURPX3E3SWZuek9QZFhwTkxzRnF2aHg5eGEtbUR3WFRvS04zVVFtZ2lENC1rMzMxTWl5dFgyZ3lxbEFEZ2lnVkk?oc=5\" target=\"_blank\" rel=\"noopener\">PORTRAIT. Au Grand prix de Plouay, l\u2019ascension fulgurante de Charles Le Fouler . Sport<\/a>&nbsp;&nbsp;MaVille.com &#8211; Rennes<\/li>\n<li><a href=\"https:\/\/news.google.com\/rss\/articles\/CBMigwNBVV95cUxOQ0poNUtkaHlVb0FMMlY3RmQ2OVNKYzd2ZXFTOHVMV1RXMi1WZG5JUVhUSDFNVS1hRC11TlgzM1NIQWVMSlVmNFdnYmExdmVIOVVyMXI5bVNpNnUzVjEzZVNFTmlmcVhCLUVvNjhGWWZQYzZjektlaUo1ZU1iQW5aVFI5UTRWa3FDM1MtS2xRck81ZUNGMDlQcUd1UTFsa1AwdWtSRHk4SkN4ZFB2QTc0Ql9yTGpDeXY5cy03UjRVaS1rR1hJZlVCNkdQRXpGUmVIQk1OektKbFFHd3dzZkdlXzd6N1V1SGhQSFBRYTlwcU5oOFA5VzRNNmlSbWpGdktaNVplM0tPZDdPamZnbXZlMUhwTk0xNFNsWHlXU2NUcE1taXlGcVNtZVNHd1U3SFZ1cEZoZzZwMk9KNzd0SV9RblFMZHYySm1Vc05CS0ZraFJTVjZlMm5UTk85Mk41aDJrV05DOGV2cFZERmZjQ3A1YzZwbG84bzdPTkFNTlNVUkVLcDg?oc=5\" target=\"_blank\" rel=\"noopener\">Grand Prix de Plouay 2025. Course \u00c9lite hommes : la liste des \u00e9quipes et des coureurs au d\u00e9part<\/a>&nbsp;&nbsp;MSN<\/li>\n<\/ol>\n","protected":false},"excerpt":{"rendered":"DIRECT &#8211; Fin de l&rsquo;\u00e9chapp\u00e9e, \u00e7a attaque de toutes parts, suivez la Bretagne Classic en direct&nbsp;&nbsp;Le T\u00e9l\u00e9gramme DIRECT.&hellip;\n","protected":false},"author":2,"featured_media":356512,"comment_status":"","ping_status":"","sticky":false,"template":"","format":"standard","meta":{"footnotes":""},"categories":[1411],"tags":[11,1154,207,3166,1011,27,1780,2427,60],"class_list":{"0":"post-356511","1":"post","2":"type-post","3":"status-publish","4":"format-standard","5":"has-post-thumbnail","7":"category-cyclisme","8":"tag-actualites","9":"tag-cycling","10":"tag-cyclisme","11":"tag-en-continu-sports","12":"tag-fr","13":"tag-france","14":"tag-plouay","15":"tag-professionnels","16":"tag-sports"},"share_on_mastodon":{"url":"https:\/\/pubeurope.com\/@fr\/115123688815640054","error":""},"_links":{"self":[{"href":"https:\/\/www.europesays.com\/fr\/wp-json\/wp\/v2\/posts\/356511","targetHints":{"allow":["GET"]}}],"collection":[{"href":"https:\/\/www.europesays.com\/fr\/wp-json\/wp\/v2\/posts"}],"about":[{"href":"https:\/\/www.europesays.com\/fr\/wp-json\/wp\/v2\/types\/post"}],"author":[{"embeddable":true,"href":"https:\/\/www.europesays.com\/fr\/wp-json\/wp\/v2\/users\/2"}],"replies":[{"embeddable":true,"href":"https:\/\/www.europesays.com\/fr\/wp-json\/wp\/v2\/comments?post=356511"}],"version-history":[{"count":0,"href":"https:\/\/www.europesays.com\/fr\/wp-json\/wp\/v2\/posts\/356511\/revisions"}],"wp:featuredmedia":[{"embeddable":true,"href":"https:\/\/www.europesays.com\/fr\/wp-json\/wp\/v2\/media\/356512"}],"wp:attachment":[{"href":"https:\/\/www.europesays.com\/fr\/wp-json\/wp\/v2\/media?parent=356511"}],"wp:term":[{"taxonomy":"category","embeddable":true,"href":"https:\/\/www.europesays.com\/fr\/wp-json\/wp\/v2\/categories?post=356511"},{"taxonomy":"post_tag","embeddable":true,"href":"https:\/\/www.europesays.com\/fr\/wp-json\/wp\/v2\/tags?post=356511"}],"curies":[{"name":"wp","href":"https:\/\/api.w.org\/{rel}","templated":true}]}}