{"id":356513,"date":"2025-08-31T13:47:09","date_gmt":"2025-08-31T13:47:09","guid":{"rendered":"https:\/\/www.europesays.com\/fr\/356513\/"},"modified":"2025-08-31T13:47:09","modified_gmt":"2025-08-31T13:47:09","slug":"le-real-madrid-enchaine-contre-majorque-et-passe-en-tete","status":"publish","type":"post","link":"https:\/\/www.europesays.com\/fr\/356513\/","title":{"rendered":"le Real Madrid encha\u00eene contre Majorque et passe en t\u00eate"},"content":{"rendered":"<p>Apr\u00e8s deux courts succ\u00e8s d\u2019entr\u00e9e, le <a href=\"https:\/\/www.footmercato.net\/club\/real-madrid\/\" rel=\"nofollow noopener\" target=\"_blank\">Real Madrid<\/a> retrouvait le Santiago Bernab\u00e9u et se devait de se montrer plus tranchant devant son public, \u00e0 l\u2019occasion de la r\u00e9ception de <a href=\"https:\/\/www.footmercato.net\/club\/real-club-deportivo-majorque\/\" rel=\"nofollow noopener\" target=\"_blank\">Majorque<\/a>. Comme \u00e0 son habitude, Xabi Alonso a encore fait tourner son effectif et a d\u00e9cid\u00e9 d\u2019aligner Alexander-Arnold, Milit\u00e3o et Vinicius Jr, aux c\u00f4t\u00e9s de Mbapp\u00e9, soutenu par Mastantuono et G\u00fcler en meneur de jeu. Rodrygo d\u00e9butait sur le banc. L\u2019armada \u00e9tait d\u00e9ploy\u00e9e pour faire tomber Majorque, toujours \u00e0 la recherche de sa premi\u00e8re victoire.<\/p>\n<p>            La suite apr\u00e8s cette publicit\u00e9<\/p>\n<p>La rencontre d\u00e9marrait mieux que les deux premi\u00e8res journ\u00e9es pour les Merengues et Mbapp\u00e9, qui pensait ouvrir rapidement le score apr\u00e8s une belle passe en profondeur de Trent, mais de quelques millim\u00e8tres, le Fran\u00e7ais \u00e9tait hors-jeu (7e). Les Madril\u00e8nes poussaient pour revenir, mais contre le cours du jeu, un corner de Majorque bien frapp\u00e9 trouvait Muriqi, seul et pas pris au marquage, qui ouvrait le score (1-0, 17e). Mais pas de quoi inqui\u00e9ter le Real, qui a continu\u00e9 \u00e0 pousser sans s\u2019inqui\u00e9ter.<\/p>\n<p>        Trois buts refus\u00e9s pour le Real Madrid<\/p>\n<p>Et en seulement trois minutes, les hommes de Xabi Alonso ont tout renvers\u00e9. Apr\u00e8s un corner jou\u00e9 entre Trent, Carreras et Mastantuono, G\u00fcler pouvait reprendre un ballon et \u00e9galiser dans le but vide. Avant que, quelques instants apr\u00e8s le coup d\u2019envoi, Vinicius Jr pouvait faire un superbe num\u00e9ro solitaire pour \u00e9liminer les d\u00e9fenseurs Bermellones (2-1, 36e et 38e). Mbapp\u00e9 aurait m\u00eame pu s\u2019ajouter \u00e0 la f\u00eate, mais \u00e9tait encore signal\u00e9 hors-jeu avant la pause (45+1). Le plus dur \u00e9tait fait, mais il fallait encore se mettre \u00e0 l\u2019abri. <\/p>\n<p>            La suite apr\u00e8s cette publicit\u00e9<\/p>\n<p>Encore en seconde p\u00e9riode, Arda G\u00fcler a \u00e9t\u00e9 priv\u00e9 du doubl\u00e9 pour une main siffl\u00e9 avant son but (60e). De quoi donner de l\u2019espoir au club insulaire, pas loin surprendre les Merengues, mais Tchouam\u00e9ni, puis Carreras ont sauv\u00e9 Courtois (61e et 65e). Du mieux dans le jeu, mais le Real Madrid s\u2019impose encore sur un petit score pour sa troisi\u00e8me victoire de suite. <a href=\"https:\/\/www.footmercato.net\/espagne\/liga\/2025-2026\/classement\" rel=\"nofollow noopener\" target=\"_blank\">En t\u00eate de la Liga<\/a>, les Merengues iront sur la pelouse de la Real Sociedad, alors que Majorque encha\u00eene un troisi\u00e8me match sans succ\u00e8s et va devoir faire mieux chez l\u2019Espanyol, apr\u00e8s la tr\u00eave internationale. <\/p>\n<p>\n    Pub. le 30\/08\/2025 23:30<br \/>\n            &#8211; MAJ le 31\/08\/2025 14:55\n    <\/p>\n","protected":false},"excerpt":{"rendered":"Apr\u00e8s deux courts succ\u00e8s d\u2019entr\u00e9e, le Real Madrid retrouvait le Santiago Bernab\u00e9u et se devait de se montrer&hellip;\n","protected":false},"author":2,"featured_media":356514,"comment_status":"","ping_status":"","sticky":false,"template":"","format":"standard","meta":{"footnotes":""},"categories":[1410],"tags":[63,1011,27,60],"class_list":{"0":"post-356513","1":"post","2":"type-post","3":"status-publish","4":"format-standard","5":"has-post-thumbnail","7":"category-football","8":"tag-football","9":"tag-fr","10":"tag-france","11":"tag-sports"},"share_on_mastodon":{"url":"https:\/\/pubeurope.com\/@fr\/115123692758967677","error":""},"_links":{"self":[{"href":"https:\/\/www.europesays.com\/fr\/wp-json\/wp\/v2\/posts\/356513","targetHints":{"allow":["GET"]}}],"collection":[{"href":"https:\/\/www.europesays.com\/fr\/wp-json\/wp\/v2\/posts"}],"about":[{"href":"https:\/\/www.europesays.com\/fr\/wp-json\/wp\/v2\/types\/post"}],"author":[{"embeddable":true,"href":"https:\/\/www.europesays.com\/fr\/wp-json\/wp\/v2\/users\/2"}],"replies":[{"embeddable":true,"href":"https:\/\/www.europesays.com\/fr\/wp-json\/wp\/v2\/comments?post=356513"}],"version-history":[{"count":0,"href":"https:\/\/www.europesays.com\/fr\/wp-json\/wp\/v2\/posts\/356513\/revisions"}],"wp:featuredmedia":[{"embeddable":true,"href":"https:\/\/www.europesays.com\/fr\/wp-json\/wp\/v2\/media\/356514"}],"wp:attachment":[{"href":"https:\/\/www.europesays.com\/fr\/wp-json\/wp\/v2\/media?parent=356513"}],"wp:term":[{"taxonomy":"category","embeddable":true,"href":"https:\/\/www.europesays.com\/fr\/wp-json\/wp\/v2\/categories?post=356513"},{"taxonomy":"post_tag","embeddable":true,"href":"https:\/\/www.europesays.com\/fr\/wp-json\/wp\/v2\/tags?post=356513"}],"curies":[{"name":"wp","href":"https:\/\/api.w.org\/{rel}","templated":true}]}}