{"id":356515,"date":"2025-08-31T13:48:12","date_gmt":"2025-08-31T13:48:12","guid":{"rendered":"https:\/\/www.europesays.com\/fr\/356515\/"},"modified":"2025-08-31T13:48:12","modified_gmt":"2025-08-31T13:48:12","slug":"quelle-honte-il-a-50-ans-sydney-sweeney-en-couple-avec-lennemi-jure-de-taylor-swift-elle-se-fait-encore-clasher","status":"publish","type":"post","link":"https:\/\/www.europesays.com\/fr\/356515\/","title":{"rendered":"\u201cQuelle honte !\u201d, \u201cIl a 50 ans !\u201d : Sydney Sweeney en couple avec l\u2019ennemi jur\u00e9 de Taylor Swift, elle se fait (encore) clasher"},"content":{"rendered":"<p>            <img loading=\"lazy\" decoding=\"async\" src=\"https:\/\/www.europesays.com\/fr\/wp-content\/uploads\/2025\/04\/ae90bbc93f5799f5-35x35-1.png\" class=\"author-article-picture\" width=\"35\" height=\"35\"\/><\/p>\n<p>                Par<br \/>\n                                    JVT<br \/>\n                                                    | Editor<\/p>\n<p>\n                R\u00e9dactrice depuis de nombreuses ann\u00e9es, je suis fid\u00e8le \u00e0 la pop culture et \u00e0 Taylor Swift.\n            <\/p>\n<p>\n    Rien ne va plus pour Sydney Sweeney ! Apr\u00e8s ses bad buzz r\u00e9cents, l\u2019actrice serait en couple avec l\u2019ennemi jur\u00e9 de Taylor Swift. Entre diff\u00e9rence d\u2019\u00e2ge, bad buzz r\u00e9cent et scandales musicaux, cette rumeur a agit\u00e9 les internautes.\n<\/p>\n<p>                            <img loading=\"lazy\" decoding=\"async\" class=\"player-thumbnail\" src=\"https:\/\/www.europesays.com\/fr\/wp-content\/uploads\/2025\/08\/fb52e447e98fcb12-580x326-2.jpg\" width=\"580\" height=\"326\"\/><\/p>\n<p>                    \u201cQuelle honte !\u201d, \u201cIl a 50 ans !\u201d : Sydney Sweeney en couple avec l\u2019ennemi jur\u00e9 de Taylor Swift, elle se fait (encore) clasher<\/p>\n<p>La suite apr\u00e8s la publicit\u00e9<\/p>\n<p>Sydney Sweeney, 27 ans, et Scooter Braun, 44 ans, seraient-ils en couple ? Les m\u00e9dias \u00e9voquent depuis peu une possible romance entre l\u2019actrice de <strong>Euphoria<\/strong> et le magnat de l\u2019industrie musicale. Tout est parti d\u2019un clip partag\u00e9 sur X, o\u00f9 les deux sortent ensemble d\u2019un d\u00eener \u00e0 Venise, lors du mariage de Jeff Bezos en juin dernier. Aujourd\u2019hui, <strong>Star Magazine<\/strong> annonce que Scooter Braun a demand\u00e9 \u00e0 son entourage\u00a0\u201cde garder l&rsquo;affaire discr\u00e8te pour l&rsquo;instant.\u201d<\/p>\n<p>Cette rumeur tombe peu de temps apr\u00e8s la rupture de Sydney Sweeney avec son fianc\u00e9 de longue date, Jonathan Davino. Elle a confirm\u00e9 sa s\u00e9paration dans <strong>The Times<\/strong> : \u201cNon\u201d a-t-elle r\u00e9pondu quand on lui a demand\u00e9 si elle \u00e9tait toujours fianc\u00e9e, avant de pr\u00e9ciser : \u201cOui, je suis c\u00e9libataire. Je d\u00e9couvre beaucoup sur moi-m\u00eame, passe plus de temps avec mes amis. Et j\u2019adore \u00e7a.\u201d<\/p>\n<p>Un bad buzz en toile de fond<\/p>\n<p>Ces rumeurs de romance arrivent apr\u00e8s une p\u00e9riode d\u00e9licate pour l\u2019actrice. Elle a r\u00e9cemment fait pol\u00e9mique avec une pub pour American Eagle jug\u00e9e tr\u00e9s mal interpr\u00e9t\u00e9e par certains, l\u00e0 o\u00f9 d\u2019autres y ont vu une certaine maladresse. Plus encore, certains d\u00e9tails sugg\u00e8rent qu\u2019elle serait identifi\u00e9e comme r\u00e9publicaine en Floride, ce qui a ajout\u00e9 de l\u2019huile sur le feu. Paradoxal pour une personnalit\u00e9 jeune attendue plus ouverte d\u2019esprit.<\/p>\n<p><strong>A lire aussi : <\/strong><a href=\"https:\/\/www.terrafemina.com\/article\/vous-etes-des-m-et-des-losers-sydney-sweeney-critiquee-par-les-feministes-ce-celebre-acteur-prend-sa-defense-en-pleine-polemique_a376250\/1\" rel=\"nofollow noopener\" target=\"_blank\"><strong>\u00ab\u00a0Vous \u00eates des m&#8230;. et des losers\u00a0\u00bb : Sydney Sweeney critiqu\u00e9e par les f\u00e9ministes, ce c\u00e9l\u00e8bre acteur prend sa d\u00e9fense en pleine pol\u00e9mique<\/strong><\/a><\/p>\n<p>Et Scooter Braun dans tout \u00e7a ?<\/p>\n<p>Pour comprendre pourquoi cette possible romance fait grincer des dents, revenons sur qui est Scooter Braun. Le producteur a notamment lanc\u00e9 Justin Bieber ou Ariana Grande, et d\u00e9tient une r\u00e9putation controvers\u00e9e. En 2019, il ach\u00e8te Big Machine Records et devient propri\u00e9taire des masters des six premiers albums de Taylor Swift, un geste per\u00e7u par tous comme une grande injustice. Taylor Swift a qualifi\u00e9 cette acquisition de \u201cmanipulation\u201d et a fini par r\u00e9enregistrer ses albums pour en redevenir propri\u00e9taire tr\u00e8s r\u00e9cemment !<\/p>\n<p><strong>A lire aussi : <\/strong><a href=\"https:\/\/www.terrafemina.com\/article\/a-moitie-nue-cest-une-star-du-x-pourquoi-elle-se-cambre-taylor-swift-victime-de-slut-shaming-suite-a-ces-photos-jugees-trop-sexy_a376213\/1\" rel=\"nofollow noopener\" target=\"_blank\"><strong>\u00ab\u00a0A moiti\u00e9 nue\u00a0\u00bb, \u00ab\u00a0c&rsquo;est une star du X ?\u00a0\u00bb, \u00ab\u00a0Pourquoi elle se cambre ?\u00a0\u00bb : Taylor Swift victime de slut shaming suite \u00e0 ces photos jug\u00e9es \u00ab\u00a0trop sexy\u00a0\u00bb<\/strong><\/a><\/p>\n<p>Sur les r\u00e9seaux, les r\u00e9actions fusent, et elles ne sont pas tendres : \u201cMais il a pas 50 ans ?\u201d, \u201cElle ne sera jamais plus amie avec Taylor\u201d, \u201cC\u2019est un red flag en couple avec un red flag\u201d, \u201cQuelle honte\u201d, \u201cElle vaut mieux que \u00e7a\u201d, \u201cElle a vraiment des Daddy issues\u201d, \u201c\u2009Il est d\u00e9go\u00fbtant.\u201d\u00a0<\/p>\n<p>Les internautes montrent les crocs, n\u2019appr\u00e9cient pas l\u2019id\u00e9e d\u2019une rapprochement entre la star de <strong>Euphoria<\/strong> et l\u2019homme que Taylor Swift surnomme \u201cle tyran manipulateur\u201d. Affaire \u00e0 suivre !<\/p>\n","protected":false},"excerpt":{"rendered":"Par JVT | Editor R\u00e9dactrice depuis de nombreuses ann\u00e9es, je suis fid\u00e8le \u00e0 la pop culture et \u00e0&hellip;\n","protected":false},"author":2,"featured_media":356516,"comment_status":"","ping_status":"","sticky":false,"template":"","format":"standard","meta":{"footnotes":""},"categories":[1359],"tags":[58,59,1011,27,973],"class_list":{"0":"post-356515","1":"post","2":"type-post","3":"status-publish","4":"format-standard","5":"has-post-thumbnail","7":"category-people","8":"tag-divertissement","9":"tag-entertainment","10":"tag-fr","11":"tag-france","12":"tag-people"},"share_on_mastodon":{"url":"https:\/\/pubeurope.com\/@fr\/115123696723341532","error":""},"_links":{"self":[{"href":"https:\/\/www.europesays.com\/fr\/wp-json\/wp\/v2\/posts\/356515","targetHints":{"allow":["GET"]}}],"collection":[{"href":"https:\/\/www.europesays.com\/fr\/wp-json\/wp\/v2\/posts"}],"about":[{"href":"https:\/\/www.europesays.com\/fr\/wp-json\/wp\/v2\/types\/post"}],"author":[{"embeddable":true,"href":"https:\/\/www.europesays.com\/fr\/wp-json\/wp\/v2\/users\/2"}],"replies":[{"embeddable":true,"href":"https:\/\/www.europesays.com\/fr\/wp-json\/wp\/v2\/comments?post=356515"}],"version-history":[{"count":0,"href":"https:\/\/www.europesays.com\/fr\/wp-json\/wp\/v2\/posts\/356515\/revisions"}],"wp:featuredmedia":[{"embeddable":true,"href":"https:\/\/www.europesays.com\/fr\/wp-json\/wp\/v2\/media\/356516"}],"wp:attachment":[{"href":"https:\/\/www.europesays.com\/fr\/wp-json\/wp\/v2\/media?parent=356515"}],"wp:term":[{"taxonomy":"category","embeddable":true,"href":"https:\/\/www.europesays.com\/fr\/wp-json\/wp\/v2\/categories?post=356515"},{"taxonomy":"post_tag","embeddable":true,"href":"https:\/\/www.europesays.com\/fr\/wp-json\/wp\/v2\/tags?post=356515"}],"curies":[{"name":"wp","href":"https:\/\/api.w.org\/{rel}","templated":true}]}}