{"id":356517,"date":"2025-08-31T13:49:10","date_gmt":"2025-08-31T13:49:10","guid":{"rendered":"https:\/\/www.europesays.com\/fr\/356517\/"},"modified":"2025-08-31T13:49:10","modified_gmt":"2025-08-31T13:49:10","slug":"cest-un-chef-doeuvre-non-en-alsace-lincroyable-montage-dune-fidele-replique-de-la-tour-eiffel","status":"publish","type":"post","link":"https:\/\/www.europesays.com\/fr\/356517\/","title":{"rendered":"&lsquo;C\u2019est un chef-d\u2019\u0153uvre, non\u00a0?&rsquo;\u00a0: en Alsace, l\u2019incroyable montage d\u2019une fid\u00e8le r\u00e9plique de la tour Eiffel"},"content":{"rendered":"<p>Ce chantier au long cours est le projet de retraite de cet admirateur de Gustave Eiffel, qui ne voulait pas \u00ab\u00a0rester inactif\u00a0\u00bb apr\u00e8s avoir transmis l\u2019entreprise familiale.<\/p>\n<p>\u00ab\u00a0Toute ma vie j\u2019ai carbur\u00e9\u00a0\u00bb, explique derri\u00e8re ses lunettes celui qui n\u2019a jamais vraiment cess\u00e9 d\u2019exercer. \u00ab\u00a0Mais je ne me rendais pas compte du travail que c\u2019\u00e9tait. On voit des dessins, on croit que c\u2019est simple, mais c\u2019est hyper compliqu\u00e9.\u00a0\u00bb<\/p>\n<p>Dans cette aventure hors du commun, il a embarqu\u00e9 son petit-fils Killian d\u00e8s les premi\u00e8res heures de son apprentissage dans l\u2019entreprise familiale.<\/p>\n<p>\u00ab\u00a0Moi je me suis occup\u00e9 des dessins, de l\u2019assemblage et du montage\u00a0\u00bb, explique le jeune homme de 23 ans, casque de chantier viss\u00e9 sur le cr\u00e2ne. \u00ab\u00a0Mon grand-p\u00e8re s\u2019occupe de la conception, et ensuite on en discute, pour voir si c\u2019est r\u00e9alisable.\u00a0\u00bb<\/p>\n<p>Plans originaux de la tour Eiffel<\/p>\n<p>Le duo s\u2019est appuy\u00e9 sur les plans originaux de la tour Eiffel, brevet\u00e9s en\u00a01884 mais tomb\u00e9s depuis dans le domaine public, pour cr\u00e9er une reproduction parfaitement fid\u00e8le \u00e0 la tour \u00e9rig\u00e9e pour l\u2019exposition universelle de\u00a01889.<\/p>\n<p>Poussant leur sens du d\u00e9tail \u00e0 l\u2019extr\u00eame, ils ont notamment inclus les coursives d\u2019origine du premier \u00e9tage aujourd\u2019hui r\u00e9am\u00e9nag\u00e9, les noms de 72 scientifiques (Lavoisier, Becquerel, Amp\u00e8re\u2026) inscrits en lettre d\u2019or sur la structure, ou encore l\u2019appartement que Gustave Eiffel s\u2019\u00e9tait initialement install\u00e9 au troisi\u00e8me \u00e9tage.<\/p>\n<p>\u00ab\u00a0Je n\u2019ai pas trich\u00e9. Vous pouvez aller voir de pr\u00e8s, je peux vous dire que c\u2019est nickel. Il y a m\u00eame les tr\u00e8fles \u00e0 quatre feuilles sur la deuxi\u00e8me traverse des arbal\u00e9triers. Eiffel l\u2019avait fait, je l\u2019ai fait\u00a0\u00bb, s\u2019enorgueillit Jean-Claude Fassler.<\/p>\n","protected":false},"excerpt":{"rendered":"Ce chantier au long cours est le projet de retraite de cet admirateur de Gustave Eiffel, qui ne&hellip;\n","protected":false},"author":2,"featured_media":356518,"comment_status":"","ping_status":"","sticky":false,"template":"","format":"standard","meta":{"footnotes":""},"categories":[1358],"tags":[1348,1384,1385,1386,58,59,1011,27],"class_list":{"0":"post-356517","1":"post","2":"type-post","3":"status-publish","4":"format-standard","5":"has-post-thumbnail","7":"category-arts-et-design","8":"tag-arts","9":"tag-arts-and-design","10":"tag-arts-et-design","11":"tag-design","12":"tag-divertissement","13":"tag-entertainment","14":"tag-fr","15":"tag-france"},"share_on_mastodon":{"url":"https:\/\/pubeurope.com\/@fr\/115123700563303620","error":""},"_links":{"self":[{"href":"https:\/\/www.europesays.com\/fr\/wp-json\/wp\/v2\/posts\/356517","targetHints":{"allow":["GET"]}}],"collection":[{"href":"https:\/\/www.europesays.com\/fr\/wp-json\/wp\/v2\/posts"}],"about":[{"href":"https:\/\/www.europesays.com\/fr\/wp-json\/wp\/v2\/types\/post"}],"author":[{"embeddable":true,"href":"https:\/\/www.europesays.com\/fr\/wp-json\/wp\/v2\/users\/2"}],"replies":[{"embeddable":true,"href":"https:\/\/www.europesays.com\/fr\/wp-json\/wp\/v2\/comments?post=356517"}],"version-history":[{"count":0,"href":"https:\/\/www.europesays.com\/fr\/wp-json\/wp\/v2\/posts\/356517\/revisions"}],"wp:featuredmedia":[{"embeddable":true,"href":"https:\/\/www.europesays.com\/fr\/wp-json\/wp\/v2\/media\/356518"}],"wp:attachment":[{"href":"https:\/\/www.europesays.com\/fr\/wp-json\/wp\/v2\/media?parent=356517"}],"wp:term":[{"taxonomy":"category","embeddable":true,"href":"https:\/\/www.europesays.com\/fr\/wp-json\/wp\/v2\/categories?post=356517"},{"taxonomy":"post_tag","embeddable":true,"href":"https:\/\/www.europesays.com\/fr\/wp-json\/wp\/v2\/tags?post=356517"}],"curies":[{"name":"wp","href":"https:\/\/api.w.org\/{rel}","templated":true}]}}