{"id":356519,"date":"2025-08-31T13:55:10","date_gmt":"2025-08-31T13:55:10","guid":{"rendered":"https:\/\/www.europesays.com\/fr\/356519\/"},"modified":"2025-08-31T13:55:10","modified_gmt":"2025-08-31T13:55:10","slug":"on-va-changer-un-peu-les-choses-karine-le-marchand-bouleverse-les-regles-pour-un-agriculteur-de-lamour-est-dans-le-pre-2025","status":"publish","type":"post","link":"https:\/\/www.europesays.com\/fr\/356519\/","title":{"rendered":"\u00ab\u00a0On va changer un peu les choses\u00a0\u00bb : Karine Le Marchand bouleverse les r\u00e8gles pour un agriculteur de \u00ab\u00a0L&rsquo;amour est dans le pr\u00e9\u00a0\u00bb 2025"},"content":{"rendered":"<p>La suite apr\u00e8s la publicit\u00e9<\/p>\n<p>Apr\u00e8s avoir d\u00e9couvert <a href=\"https:\/\/www.ozap.com\/actu\/l-amour-est-dans-le-pre-decouvrez-les-15-portraits-des-agriculteurs-de-la-prochaine-saison\/648177\" rel=\"nofollow noopener\" target=\"_blank\">les portraits des 15 agriculteurs de \u00ab\u00a0L&rsquo;amour est dans le pr\u00e9\u00a0\u00bb 2025<\/a> en janvier dernier, les t\u00e9l\u00e9spectateurs de M6 attendaient avec impatience de d\u00e9couvrir leurs pr\u00e9tendantes. Leur patience a \u00e9t\u00e9 r\u00e9compens\u00e9e ce lundi 25 ao\u00fbt 2025 avec le lancement de cette saison 20. Lors de cette premi\u00e8re session de speed dating, <a href=\"https:\/\/www.ozap.com\/personnalite\/karine-le-marchand_e300\" rel=\"nofollow noopener\" target=\"_blank\">Karine Le Marchand<\/a> a fait venir Gilles, c\u00e9r\u00e9alier et agent de collecte de lait en Normandie, Jean-Louis, \u00e9leveur de vaches allaitantes en Occitanie et Oc\u00e9ane, Mara\u00eech\u00e8re en Bretagne.<\/p>\n<p>Un speed dating pas comme les autres<\/p>\n<p>Dans l&rsquo;\u00e9pisode 2, d\u00e9j\u00e0 disponible sur M6+ Max, ce sont Pierrick, \u00e9leveur de volailles et de vaches laiti\u00e8res en Bretagne, Antoine, qui pratique la polyculture dans le Grand Est, et Anthony, \u00e9leveur de volaille dans l&rsquo;Aveyron, qui se sont d\u00e9plac\u00e9s \u00e0 Paris. Mais pour les deux derniers cit\u00e9s, tout ne s&rsquo;est pas pass\u00e9 comme ils l&rsquo;imaginaient. <a href=\"https:\/\/www.ozap.com\/actu\/lamour-est-dans-le-pre-2025-deux-agriculteurs-ont-abandonne-laventure-depuis-les-portraits-voici-pourquoi\/651310\" rel=\"nofollow noopener\" target=\"_blank\">Antoine n&rsquo;a malheureusement pas re\u00e7u de lettre et a d\u00fb mettre fin \u00e0 son aventure<\/a>. L&rsquo;animatrice a tout de m\u00eame lanc\u00e9 un dernier appel en gardant espoir de le revoir accompagn\u00e9 au bilan. Anthony, lui, a eu plus de chance. Il a re\u00e7u deux lettres. Mais dans \u00ab\u00a0L&rsquo;amour est dans le pr\u00e9\u00a0\u00bb, les participants ne sont jamais au bout de leurs surprises !<\/p>\n<p>\u00ab\u00a0Qu&rsquo;est-ce que tu sais sur le nombre de pr\u00e9tendantes qui t&rsquo;attendent aujourd&rsquo;hui ?\u00a0\u00bb, lui demande Karine Le Marchand. \u00ab\u00a0Rien\u00a0\u00bb, lui r\u00e9pond l&rsquo;agriculteur. \u00ab\u00a0Alors, tu as deux jeunes femmes qui t&rsquo;ont \u00e9crit et on va changer un peu les choses. Plut\u00f4t que de te faire lire le courrier chez toi ou ici, elles vont elles-m\u00eames te le lire, mais tu seras de dos. Les deux jeunes femmes vont se mettre derri\u00e8re toi, et chacune va lire sa lettre. Il y a Evelyne et Aur\u00e9lie. Apr\u00e8s, tu te retournes et tu commences le speed dating avec l&rsquo;une, pendant que l&rsquo;autre sort de la pi\u00e8ce pour attendre son tour. Comme \u00e7a, tu feras tes deux speed dating de fa\u00e7on assez classique et \u00e0 la fin, tu feras ce que tu veux. Soit t&rsquo;en prends une, soit tu prends les deux, soit t&rsquo;en prends aucune. C&rsquo;est toi qui d\u00e9cideras\u00a0\u00bb. Un speed dating \u00e0 la fa\u00e7on de \u00ab\u00a0The Voice\u00a0\u00bb, donc, pour Anthony. Ces pr\u00e9tendantes r\u00e9ussiront-elles \u00e0 le convaincre de les emmener \u00e0 la ferme ? Affaire \u00e0 suivre.<\/p>\n<p>Un d\u00e9marrage en trombe<\/p>\n<p>Le premier \u00e9pisode de \u00ab\u00a0L&rsquo;amour est dans le pr\u00e9\u00a0\u00bb 2025 a \u00e9t\u00e9 un v\u00e9ritable succ\u00e8s d&rsquo;audience pour M6. Selon M\u00e9diam\u00e9trie, <a href=\"https:\/\/www.ozap.com\/actu\/audiences-la-mini-serie-rien-ne-tefface-sur-tf1-ou-la-20e-saison-de-lamour-est-dans-le-pre-sur-m6-quel-lancement-a-le-plus-cartonne\/651312\" rel=\"nofollow noopener\" target=\"_blank\">la premi\u00e8re partie de soir\u00e9e a r\u00e9uni 3,62 millions de fid\u00e8les<\/a>, soit 20,2% de part d&rsquo;audience et 31% sur la cible tr\u00e8s convoit\u00e9e des FRDA-50 (Femmes responsables des achats de moins de 50 ans). La seconde partie, diffus\u00e9e entre 22h07 et 23h07, a encore f\u00e9d\u00e9r\u00e9 2,98 millions de t\u00e9l\u00e9spectateurs, repr\u00e9sentant 21,2% de part de march\u00e9 et 29,2% sur les FRDA-50. Ces chiffres permettent \u00e0 M6 de d\u00e9crocher la premi\u00e8re place de la soir\u00e9e sur les cibles commerciales. Un joli coup de ma\u00eetre, puisque sur les moins de 50 ans, l&rsquo;\u00e9mission a r\u00e9alis\u00e9 son meilleur score depuis trois ans. Une performance qui surpasse l\u00e9g\u00e8rement le lancement de la saison pr\u00e9c\u00e9dente, en ao\u00fbt 2024, suivie par 3,50 millions de personnes en premi\u00e8re partie (18,8% du public et 30% sur les FRDA-50).<\/p>\n<p><a href=\"https:\/\/www.ozap.com\/actu\/desolee-tf1-le-mardi-matin-ca-va-etre-la-soupe-a-la-grimace-karine-le-marchand-se-rejouit-des-audiences-de-lamour-est-dans-le-pre-et-pique-la-concurrence\/651326\" rel=\"nofollow noopener\" target=\"_blank\">Karine Le Marchand s&rsquo;est r\u00e9jouie de ce beau d\u00e9marrage et n&rsquo;a pas h\u00e9sit\u00e9 \u00e0 taquiner la concurrence<\/a>. \u00ab\u00a0Je suis d\u00e9sol\u00e9e TF1 mais je pense que le lundi \u00e7a va \u00eatre comme \u00e7a pendant de nombreuses semaines. Le mardi matin \u00e7a va \u00eatre la soupe \u00e0 la grimace en r\u00e9union chez vous. Je suis d\u00e9sol\u00e9e, peut-\u00eatre que je vais vous envoyer des chocolats\u2026\u00a0\u00bb, s&rsquo;est-elle amus\u00e9e, en story Instagram.<\/p>\n","protected":false},"excerpt":{"rendered":"La suite apr\u00e8s la publicit\u00e9 Apr\u00e8s avoir d\u00e9couvert les portraits des 15 agriculteurs de \u00ab\u00a0L&rsquo;amour est dans le&hellip;\n","protected":false},"author":2,"featured_media":356521,"comment_status":"","ping_status":"","sticky":false,"template":"","format":"standard","meta":{"footnotes":""},"categories":[1356],"tags":[58,59,1011,27,252,1364],"class_list":{"0":"post-356519","1":"post","2":"type-post","3":"status-publish","4":"format-standard","5":"has-post-thumbnail","7":"category-television","8":"tag-divertissement","9":"tag-entertainment","10":"tag-fr","11":"tag-france","12":"tag-television","13":"tag-tv"},"share_on_mastodon":{"url":"","error":""},"_links":{"self":[{"href":"https:\/\/www.europesays.com\/fr\/wp-json\/wp\/v2\/posts\/356519","targetHints":{"allow":["GET"]}}],"collection":[{"href":"https:\/\/www.europesays.com\/fr\/wp-json\/wp\/v2\/posts"}],"about":[{"href":"https:\/\/www.europesays.com\/fr\/wp-json\/wp\/v2\/types\/post"}],"author":[{"embeddable":true,"href":"https:\/\/www.europesays.com\/fr\/wp-json\/wp\/v2\/users\/2"}],"replies":[{"embeddable":true,"href":"https:\/\/www.europesays.com\/fr\/wp-json\/wp\/v2\/comments?post=356519"}],"version-history":[{"count":0,"href":"https:\/\/www.europesays.com\/fr\/wp-json\/wp\/v2\/posts\/356519\/revisions"}],"wp:featuredmedia":[{"embeddable":true,"href":"https:\/\/www.europesays.com\/fr\/wp-json\/wp\/v2\/media\/356521"}],"wp:attachment":[{"href":"https:\/\/www.europesays.com\/fr\/wp-json\/wp\/v2\/media?parent=356519"}],"wp:term":[{"taxonomy":"category","embeddable":true,"href":"https:\/\/www.europesays.com\/fr\/wp-json\/wp\/v2\/categories?post=356519"},{"taxonomy":"post_tag","embeddable":true,"href":"https:\/\/www.europesays.com\/fr\/wp-json\/wp\/v2\/tags?post=356519"}],"curies":[{"name":"wp","href":"https:\/\/api.w.org\/{rel}","templated":true}]}}