{"id":356525,"date":"2025-08-31T14:02:16","date_gmt":"2025-08-31T14:02:16","guid":{"rendered":"https:\/\/www.europesays.com\/fr\/356525\/"},"modified":"2025-08-31T14:02:16","modified_gmt":"2025-08-31T14:02:16","slug":"gwendoline-33-ans-est-atteinte-dune-forme-severe-de-lendometriose-mon-corps-me-lachait","status":"publish","type":"post","link":"https:\/\/www.europesays.com\/fr\/356525\/","title":{"rendered":"Gwendoline, 33 ans, est atteinte d\u2019une forme s\u00e9v\u00e8re de l\u2019endom\u00e9triose\u00a0: \u00ab\u00a0mon corps me l\u00e2chait\u00a0\u00bb"},"content":{"rendered":"<p>Atteinte de l\u2019endom\u00e9triose depuis le d\u00e9but de sa pubert\u00e9, Gwendoline est pass\u00e9e par plusieurs op\u00e9rations pour qu\u2019au final rien ne change. La trentenaire continue de souffrir d\u2019une maladie encore \u00ab\u00a0tabou\u00a0\u00bb \u00e0 La R\u00e9union.<\/p>\n<p>Pour la majorit\u00e9 des jeunes femmes, les premi\u00e8res r\u00e8gles symbolisent une sorte de passage \u00e0 l\u2019\u00e2ge adulte. Pour Gwendoline, c\u2019\u00e9tait le d\u00e9but de l\u2019enfer. Aujourd\u2019hui \u00e2g\u00e9e de 33 ans, elle ne comprenait pas pourquoi elle devait autant souffrir. \u00ab\u00a0On me disait que c\u2019\u00e9tait normal, mais je ne comprenais pas. Ce n\u2019est pas possible d\u2019autant souffrir \u00e0 cause de ses r\u00e8gles\u00a0\u00bb, raconte-t-elle.\u00a0<\/p>\n<p>La jeune femme a continu\u00e9 sa vie malgr\u00e9 la douleur. \u00c0 27 ans, elle d\u00e9cide d\u2019avoir son premier enfant via une FIV (f\u00e9condation in vitro). Et c\u2019est l\u00e0 que le diagnostic tombe, il y a quelque chose qui cloche. La cause de ses douleurs va peut-\u00eatre enfin \u00eatre d\u00e9couverte. \u00ab\u00a0Au d\u00e9but, ils pensaient \u00e0 un cancer, mais apr\u00e8s les analyses, on m\u2019a dit que j\u2019avais une endom\u00e9triose\u00a0\u00bb, dit-elle.\u00a0<\/p>\n<p>Son endom\u00e9triose lui a co\u00fbt\u00e9 son travail. Heureusement, elle peut compter sur le soutien de son mari, son fils et ses proches. Gwendoline \u00e9tait ma\u00eetresse d\u2019h\u00f4tel, mais \u00e0 cause de sa pathologie, elle ne peut pas rester debout trop longtemps. Elle a d\u00fb se r\u00e9inventer et a ouvert un institut de beaut\u00e9 et d\u2019autres entreprises. \u00ab\u00a0J\u2019essaie d\u2019aider comme je peux les jeunes que je croise. Vu que le sujet est tabou ici, ils n\u2019ont pas forc\u00e9ment les conseils qu\u2019il faut\u00a0\u00bb, ajoute-t-elle.\u00a0<\/p>\n<p><strong>\u00ab\u00a0Je ne leur fais plus confiance\u00a0\u00bb<\/strong><\/p>\n<p>Maintenant que le probl\u00e8me a \u00e9t\u00e9 identifi\u00e9, il faut essayer de le gu\u00e9rir. Apr\u00e8s 5 op\u00e9rations et plus d\u2019un an \u00e0 l\u2019h\u00f4pital, Gwendoline a perdu son appareil g\u00e9nital et a \u00e9t\u00e9 mise en m\u00e9nopause artificielle. Mais il y a toujours un probl\u00e8me. La douleur ne part pas.<\/p>\n<p>\u00ab\u00a0Rien n\u2019a chang\u00e9. J\u2019ai fait 3 h\u00f4pitaux diff\u00e9rents et rien n\u2019a chang\u00e9. Quand j\u2019ai vu que la m\u00e9decine ne pouvait plus rien faire pour moi, j\u2019ai laiss\u00e9 tomber. Maintenant, je me soigne moi-m\u00eame et j\u2019ai dit adieu aux m\u00e9dicaments\u00a0\u00bb, explique-t-elle.\u00a0<\/p>\n<p>*L\u2019endom\u00e9triose est une maladie chronique o\u00f9 du tissu semblable \u00e0 la muqueuse de l\u2019ut\u00e9rus se d\u00e9veloppe en dehors de celui-ci, provoquant douleurs, inflammations et parfois infertilit\u00e9. Elle se manifeste souvent par des r\u00e8gles tr\u00e8s douloureuses et des douleurs pelviennes persistantes.<\/p>\n<p>En France, environ 2 \u00e0 4 millions de femmes sont concern\u00e9es, soit pr\u00e8s d\u2019une femme sur dix en \u00e2ge de procr\u00e9er.<\/p>\n","protected":false},"excerpt":{"rendered":"Atteinte de l\u2019endom\u00e9triose depuis le d\u00e9but de sa pubert\u00e9, Gwendoline est pass\u00e9e par plusieurs op\u00e9rations pour qu\u2019au final&hellip;\n","protected":false},"author":2,"featured_media":356526,"comment_status":"","ping_status":"","sticky":false,"template":"","format":"standard","meta":{"footnotes":""},"categories":[10],"tags":[47,1011,27,72,6335,1922,6336,7224,71,104],"class_list":{"0":"post-356525","1":"post","2":"type-post","3":"status-publish","4":"format-standard","5":"has-post-thumbnail","7":"category-sante","8":"tag-actualite","9":"tag-fr","10":"tag-france","11":"tag-health","12":"tag-home-page","13":"tag-info","14":"tag-la-reunion","15":"tag-newsletter-soir","16":"tag-sante","17":"tag-societe"},"share_on_mastodon":{"url":"https:\/\/pubeurope.com\/@fr\/115123751790701456","error":""},"_links":{"self":[{"href":"https:\/\/www.europesays.com\/fr\/wp-json\/wp\/v2\/posts\/356525","targetHints":{"allow":["GET"]}}],"collection":[{"href":"https:\/\/www.europesays.com\/fr\/wp-json\/wp\/v2\/posts"}],"about":[{"href":"https:\/\/www.europesays.com\/fr\/wp-json\/wp\/v2\/types\/post"}],"author":[{"embeddable":true,"href":"https:\/\/www.europesays.com\/fr\/wp-json\/wp\/v2\/users\/2"}],"replies":[{"embeddable":true,"href":"https:\/\/www.europesays.com\/fr\/wp-json\/wp\/v2\/comments?post=356525"}],"version-history":[{"count":0,"href":"https:\/\/www.europesays.com\/fr\/wp-json\/wp\/v2\/posts\/356525\/revisions"}],"wp:featuredmedia":[{"embeddable":true,"href":"https:\/\/www.europesays.com\/fr\/wp-json\/wp\/v2\/media\/356526"}],"wp:attachment":[{"href":"https:\/\/www.europesays.com\/fr\/wp-json\/wp\/v2\/media?parent=356525"}],"wp:term":[{"taxonomy":"category","embeddable":true,"href":"https:\/\/www.europesays.com\/fr\/wp-json\/wp\/v2\/categories?post=356525"},{"taxonomy":"post_tag","embeddable":true,"href":"https:\/\/www.europesays.com\/fr\/wp-json\/wp\/v2\/tags?post=356525"}],"curies":[{"name":"wp","href":"https:\/\/api.w.org\/{rel}","templated":true}]}}