{"id":356527,"date":"2025-08-31T14:03:10","date_gmt":"2025-08-31T14:03:10","guid":{"rendered":"https:\/\/www.europesays.com\/fr\/356527\/"},"modified":"2025-08-31T14:03:10","modified_gmt":"2025-08-31T14:03:10","slug":"vermeeren-signe-a-lom-satriano-en-approche-a-lyon-les-infos-a-retenir-ce-dimanche","status":"publish","type":"post","link":"https:\/\/www.europesays.com\/fr\/356527\/","title":{"rendered":"Vermeeren signe \u00e0 l\u2019OM, Satriano en approche \u00e0 Lyon&#8230; Les infos \u00e0 retenir ce dimanche"},"content":{"rendered":"<p>\u00c7a bouge un peu partout \u00e0 la veille de la cl\u00f4ture du march\u00e9 des transferts, notamment chez les Olympiques en France. Retrouvez toutes les infos mercato de ce dimanche.<\/p>\n<p>L\u2019OM s\u2019offre Arthur Vermeeren<\/p>\n<p class=\"fig-paragraph\">C\u2019\u00e9tait attendu, c\u2019est officiel. Alors qu\u2019il est aussi question d\u2019un int\u00e9r\u00eat olympien pour\u00a0<a href=\"http:\/\/www.lefigaro.fr\/sports\/football\/transferts\/mercato-ca-discute-pour-geertruida-ca-brule-pour-vermeeren-l-om-fait-ses-emplettes-a-leipzig-20250830\" data-fig-type=\"NewsFlash\" data-gtm-custom-categorie=\"navigation\" data-gtm-custom-action=\"crossclick\" data-gtm-custom-label=\"Contextuel\" data-gtm-event=\"customEventSPE\" data-fig-domain=\"LEFIGARO\" target=\"_blank\" rel=\"noopener\">le N\u00e9erlandais de Leipzig Lutsharel Geertruida<\/a>, l\u2019OM officialise la venue du d\u00e9nomm\u00e9 Arthur Vermeeren, d\u00e9bauch\u00e9 au sein des Taureaux rouges. \u00c2g\u00e9 de 20 ans, le milieu international belge (6 s\u00e9lections), pass\u00e9 par l\u2019Atl\u00e9tico, d\u00e9barque sur la Canebi\u00e8re en pr\u00eat avec option d\u2019achat (20 M\u20ac\u00a0?). L\u2019OM se r\u00e9jouit de la signature d\u2019un joueur \u00abinspir\u00e9, \u00e9l\u00e9gant, dot\u00e9 d\u2019une vista rare\u00bb, qui \u00abimpressionne, tant pour sa technique que pour son intelligence de jeu\u00bb. Le tout avant de mettre en avant \u00absa mentalit\u00e9 d\u2019exception, une r\u00e9sistance sans faille et une ambition paisible laissant la porte grande ouverte \u00e0 de belles promesses d\u2019avenir\u00bb.<\/p>\n<p class=\"fig-paragraph\">Et le club phoc\u00e9en de conclure\u00a0: \u00ab\u00c0 l\u2019aune de ses 20 ans, Arthur Vermeeren ouvre, en signant \u00e0 l\u2019OM, un nouveau chapitre \u00e0 sa destin\u00e9e, celle d\u2019un ma\u00eetre du jeu capable de transcender les attentes, d\u2019\u00e9crire sa propre histoire sur le terrain, \u00e0 la mani\u00e8re des champions silencieux, lumineux par leur simplicit\u00e9. Sa carri\u00e8re, d\u00e9j\u00e0 riche, ne fait que commencer\u00bb. Nouveau d\u00e9part. \u00c0 noter que Faris Moumbagna, lui, quitte l\u2019OM pour un pr\u00eat en Italie, \u00e0 Cremonese.<\/p>\n<p>                                    <a class=\"fig-a11y-skip a11y-hidden\" href=\"#fig-a11y-skip-main-inarticle\"><br \/>\n        Passer la publicit\u00e9<br \/>\n    <\/a><\/p>\n<p>Ederson \u00e0 Fenerbah\u00e7e, Donnarumma \u00e0 City\u00a0?<\/p>\n<p class=\"fig-paragraph\">Gigio Donnarumma \u00e0 Manchester City\u00a0? Peut-\u00eatre. Les Skyblues doivent d\u00e9j\u00e0 trouver une porte de sortie \u00e0 Ederson. Ces derni\u00e8res semaines, il a notamment \u00e9t\u00e9 question de Galatasaray pour le portier br\u00e9silien de 31 ans. Finalement, c\u2019est peut-\u00eatre \u00e0 Fenerbah\u00e7e qu\u2019on va le retrouver. \u00c0 en croire Fabrizio Romano, le d\u00e9sormais ex-club de Jos\u00e9 Mourinho s\u2019est lanc\u00e9 dans la course \u00e0 la signature du gardien de City, sachant que la formation anglaise a repouss\u00e9 l\u2019offre \u00e0 10 M\u20ac de Galatasaray. Rappelons que\u00a0<a href=\"http:\/\/www.lefigaro.fr\/sports\/football\/ligue-1\/psg-c-est-beau-de-voir-ce-sentiment-de-reconnaissance-donnarumma-celebre-par-le-parc-des-princes-20250823\" data-fig-type=\"NewsFlash\" data-gtm-custom-categorie=\"navigation\" data-gtm-custom-action=\"crossclick\" data-gtm-custom-label=\"Contextuel\" data-gtm-event=\"customEventSPE\" data-fig-domain=\"LEFIGARO\" target=\"_blank\" rel=\"noopener\">Donnarumma, lui, a \u00e9t\u00e9 \u00e9cart\u00e9 par Luis Enrique<\/a>, qui lui pr\u00e9f\u00e8re Lucas Chevalier. D\u00e9cisif dans la conqupete de la C1, le portier italien est li\u00e9 \u00e0 Paris jusqu\u2019en 2026.<\/p>\n<p>Satriano vers Lyon, qui pense aussi \u00e0 Sinayoko<\/p>\n<p class=\"fig-paragraph\">Nouvel entra\u00eeneur du RC Lens, Pierre Sage\u00a0ne compte pas sur son attaquant Martin Satriano. Selon les informations de<a href=\"https:\/\/www.lequipe.fr\/Football\/Actualites\/Mercato-l-attaquant-de-lens-martin-satriano-prete-a-l-ol\/1588939\" target=\"_blank\" rel=\"sponsored noopener\" data-gtm-custom-categorie=\"navigation\" data-gtm-custom-action=\"crossclick\" data-gtm-custom-label=\"Contextuel\" data-gtm-event=\"customEventSPE\">\u00a0L\u2019\u00c9quipe<\/a>, un accord a \u00e9t\u00e9 trouv\u00e9 ce samedi entre les deux clubs, et l\u2019international uruguayen &#8211; gravement bless\u00e9 au genou la saison pass\u00e9e &#8211; devrait arriver dimanche \u00e0 Lyon pour passer sa visite m\u00e9dicale. Il est question d\u2019un pr\u00eat avec obligation d\u2019achat \u00e0 5 millions d\u2019euros. Toujours selon L\u2019\u00c9quipe, les Gones, qui cherchent sur le successeur du futur partant Georges Mikautadze (Villarreal), songent aussi \u00e0 l\u2019Auxerrois Lassine Sinayoko. L\u2019international malien de 25 ans a un temps \u00e9t\u00e9 proche de Nice et Lens. L\u2019AJA en attendrait 10 M\u20ac.<\/p>\n<p class=\"fig-paragraph\"><strong>\u00c0 VOIR AUSSI \u2013 <\/strong>Le joli but de Malick Fofana avec Lyon contre Metz le 23 ao\u00fbt dernier (3-0)<\/p>\n<p>Aston Villa s\u2019int\u00e9resse de pr\u00e8s \u00e0 Lucas Paqueta, quid de Marco Asensio\u00a0?<\/p>\n<p class=\"fig-paragraph\">Marco Asensio vers Aston Villa\u00a0? Pas si vite. Les discussions continuent entre le club de Birmingham et le PSG, mais Unai Emery aime aussi beaucoup l\u2019ancien Lyonnais Lucas Paqueta, qui \u00e9volue \u00e0 West Ham. A en croire\u00a0<a href=\"https:\/\/www.nytimes.com\/athletic\/6578431\/2025\/08\/30\/lucas-paqueta-aston-villa-west-ham-interest\/\" target=\"_blank\" rel=\"sponsored noopener\" data-gtm-custom-categorie=\"navigation\" data-gtm-custom-action=\"crossclick\" data-gtm-custom-label=\"Contextuel\" data-gtm-event=\"customEventSPE\">The Athletic<\/a>, les Villans tentent de d\u00e9baucher l\u2019international br\u00e9silien dans les derni\u00e8res heures du mercato. Lequel Paqueta souhaiterait quitter le club de Londres. Le cas \u00e9ch\u00e9ant, Fernerbah\u00e7e aurait le champ libre pour tenter le coup Asensio. Paris attendrait 15 \u00e0 20 M\u20ac pour l\u2019Espagnol.<\/p>\n<p>OM\u00a0: Milan pousse pour Rabiot, mais\u2026<\/p>\n<p class=\"fig-paragraph\">C\u2019est toujours le grand flou pour Adrien Rabiot. Mis au ban apr\u00e8s son accrochage avec Jonathan Rowe, le milieu international tricolore est plus que jamais dans le viseur de l\u2019AC Milan, comme le rapportent diverses sources. Le club lombard s\u2019est toutefois vu proposer les services de l\u2019ancien Parisien et Lillois Boubakary Soumar\u00e9, sous contrat \u00e0 Leicester, selon les infos de\u00a0<a href=\"https:\/\/gianlucadimarzio.com\/soumare-milan-calciomercato-news-31-agosto-2025\/\" target=\"_blank\" rel=\"sponsored noopener\" data-gtm-custom-categorie=\"navigation\" data-gtm-custom-action=\"crossclick\" data-gtm-custom-label=\"Contextuel\" data-gtm-event=\"customEventSPE\">Gianluca Di Marzio<\/a>. Selon plusieurs m\u00e9dias, l\u2019OM attend 15 M\u20ac pour Rabiot.<\/p>\n","protected":false},"excerpt":{"rendered":"\u00c7a bouge un peu partout \u00e0 la veille de la cl\u00f4ture du march\u00e9 des transferts, notamment chez les&hellip;\n","protected":false},"author":2,"featured_media":356528,"comment_status":"","ping_status":"","sticky":false,"template":"","format":"standard","meta":{"footnotes":""},"categories":[9],"tags":[4708,1011,27,66,15383,1434,978,2264,60,8512],"class_list":{"0":"post-356527","1":"post","2":"type-post","3":"status-publish","4":"format-standard","5":"has-post-thumbnail","7":"category-sports","8":"tag-angleterre","9":"tag-fr","10":"tag-france","11":"tag-ligue-1","12":"tag-liverpool-fc","13":"tag-mercato","14":"tag-olympique-lyonnais","15":"tag-rc-lens","16":"tag-sports","17":"tag-toulouse-fc"},"share_on_mastodon":{"url":"https:\/\/pubeurope.com\/@fr\/115123755754995095","error":""},"_links":{"self":[{"href":"https:\/\/www.europesays.com\/fr\/wp-json\/wp\/v2\/posts\/356527","targetHints":{"allow":["GET"]}}],"collection":[{"href":"https:\/\/www.europesays.com\/fr\/wp-json\/wp\/v2\/posts"}],"about":[{"href":"https:\/\/www.europesays.com\/fr\/wp-json\/wp\/v2\/types\/post"}],"author":[{"embeddable":true,"href":"https:\/\/www.europesays.com\/fr\/wp-json\/wp\/v2\/users\/2"}],"replies":[{"embeddable":true,"href":"https:\/\/www.europesays.com\/fr\/wp-json\/wp\/v2\/comments?post=356527"}],"version-history":[{"count":0,"href":"https:\/\/www.europesays.com\/fr\/wp-json\/wp\/v2\/posts\/356527\/revisions"}],"wp:featuredmedia":[{"embeddable":true,"href":"https:\/\/www.europesays.com\/fr\/wp-json\/wp\/v2\/media\/356528"}],"wp:attachment":[{"href":"https:\/\/www.europesays.com\/fr\/wp-json\/wp\/v2\/media?parent=356527"}],"wp:term":[{"taxonomy":"category","embeddable":true,"href":"https:\/\/www.europesays.com\/fr\/wp-json\/wp\/v2\/categories?post=356527"},{"taxonomy":"post_tag","embeddable":true,"href":"https:\/\/www.europesays.com\/fr\/wp-json\/wp\/v2\/tags?post=356527"}],"curies":[{"name":"wp","href":"https:\/\/api.w.org\/{rel}","templated":true}]}}