{"id":356531,"date":"2025-08-31T14:05:10","date_gmt":"2025-08-31T14:05:10","guid":{"rendered":"https:\/\/www.europesays.com\/fr\/356531\/"},"modified":"2025-08-31T14:05:10","modified_gmt":"2025-08-31T14:05:10","slug":"classement-direct-es5-rallye-de-chartreuse-2025","status":"publish","type":"post","link":"https:\/\/www.europesays.com\/fr\/356531\/","title":{"rendered":"Classement Direct ES5 Rallye de Chartreuse 2025"},"content":{"rendered":"<p>FAITS MARQUANTS<\/p>\n<p>En lice pour le podium, Didier Thoral ne verra pas l\u2019arriv\u00e9e de cette sp\u00e9ciale \u00e0 cause d\u2019un probl\u00e8me m\u00e9canique. Derri\u00e8re l\u2019intouchable Ludovic Godard, auteur d\u2019un 5e scratch cons\u00e9cutif, Nicolas Joram et Lucas Darmezin sont maintenant s\u00e9par\u00e9s par sept secondes. Le pilote Peugeot voit revenir St\u00e9phane Carra \u00e0 seulement deux secondes.<\/p>\n<p>En FRallyNat, Laurent Perenon reste intouchable avec une belle 7e place provisoire au scratch.<\/p>\n<p>En FRC4, Arthur Roch\u00e9 conserve une petite marge sur Thomas Roudet.<\/p>\n<p>En FRC5, Yohann Bernard garde l\u2019avantage sur K\u00e9vin Bouchet pour seulement trois dixi\u00e8mes, alors que Mathys Paci est tr\u00e8s proche \u00e9galement.<br style=\"clear:both;\"\/><\/p>\n<p><strong>PROCHAINE SPECIALE : <\/strong><a href=\"https:\/\/www.rallye-sport.fr\/es6-chartreuse-2025\/\" rel=\"nofollow noopener\" target=\"_blank\">ES6- Miribel les Echelles (6,50 km) \u00e0 partir de 13h19 (Dimanche 31 Ao\u00fbt 2025)<\/a><\/p>\n<p>Classement ES5 \/ Apr\u00e8s ES5 (7,70 km)<\/p>\n<p>   Par Julien R.<\/p>\n","protected":false},"excerpt":{"rendered":"FAITS MARQUANTS En lice pour le podium, Didier Thoral ne verra pas l\u2019arriv\u00e9e de cette sp\u00e9ciale \u00e0 cause&hellip;\n","protected":false},"author":2,"featured_media":356532,"comment_status":"","ping_status":"","sticky":false,"template":"","format":"standard","meta":{"footnotes":""},"categories":[7],"tags":[1011,27,43,40,41,39,42,44],"class_list":{"0":"post-356531","1":"post","2":"type-post","3":"status-publish","4":"format-standard","5":"has-post-thumbnail","7":"category-sciences-et-technologies","8":"tag-fr","9":"tag-france","10":"tag-science","11":"tag-science-and-technology","12":"tag-sciences","13":"tag-sciences-et-technologies","14":"tag-technologies","15":"tag-technology"},"share_on_mastodon":{"url":"","error":""},"_links":{"self":[{"href":"https:\/\/www.europesays.com\/fr\/wp-json\/wp\/v2\/posts\/356531","targetHints":{"allow":["GET"]}}],"collection":[{"href":"https:\/\/www.europesays.com\/fr\/wp-json\/wp\/v2\/posts"}],"about":[{"href":"https:\/\/www.europesays.com\/fr\/wp-json\/wp\/v2\/types\/post"}],"author":[{"embeddable":true,"href":"https:\/\/www.europesays.com\/fr\/wp-json\/wp\/v2\/users\/2"}],"replies":[{"embeddable":true,"href":"https:\/\/www.europesays.com\/fr\/wp-json\/wp\/v2\/comments?post=356531"}],"version-history":[{"count":0,"href":"https:\/\/www.europesays.com\/fr\/wp-json\/wp\/v2\/posts\/356531\/revisions"}],"wp:featuredmedia":[{"embeddable":true,"href":"https:\/\/www.europesays.com\/fr\/wp-json\/wp\/v2\/media\/356532"}],"wp:attachment":[{"href":"https:\/\/www.europesays.com\/fr\/wp-json\/wp\/v2\/media?parent=356531"}],"wp:term":[{"taxonomy":"category","embeddable":true,"href":"https:\/\/www.europesays.com\/fr\/wp-json\/wp\/v2\/categories?post=356531"},{"taxonomy":"post_tag","embeddable":true,"href":"https:\/\/www.europesays.com\/fr\/wp-json\/wp\/v2\/tags?post=356531"}],"curies":[{"name":"wp","href":"https:\/\/api.w.org\/{rel}","templated":true}]}}