{"id":356541,"date":"2025-08-31T14:16:12","date_gmt":"2025-08-31T14:16:12","guid":{"rendered":"https:\/\/www.europesays.com\/fr\/356541\/"},"modified":"2025-08-31T14:16:12","modified_gmt":"2025-08-31T14:16:12","slug":"les-notes-de-la-presse-et-des-supporters-6","status":"publish","type":"post","link":"https:\/\/www.europesays.com\/fr\/356541\/","title":{"rendered":"Les notes de la presse et des supporters"},"content":{"rendered":"<p>Apr\u00e8s des bulletins unanimes lors des deux pr\u00e9c\u00e9dentes victoires de l\u2019AS Saint-\u00c9tienne (ndlr, face \u00e0 rodez et Boulogne), les notes sont plus disparates au lendemain du match nul entre St\u00e9phanois et Grenoblois (1-1). Repositionn\u00e9 avec r\u00e9ussite dans un poste qui n\u2019est pas le sien, Bernauer fait lui l\u2019unanimit\u00e9 : meilleure note chez les supporters (6,4) et dans la presse (6). Il devance le buteur du soir, Micka\u00ebl Nad\u00e9 (6). C\u2019est Mahmoud Jaber sorti bless\u00e9 \u00e0 la mi-temps qui compl\u00e8te le podium des notations chez les supporters (5,7). Globalement les milieux de terrain sont bien not\u00e9s, 6 coll\u00e9gial dans les colonnes du Progr\u00e8s. La r\u00e9daction du site met elle davantage en avant le travail global de Tardieu sur la rencontre (6).<\/p>\n<p>Du c\u00f4t\u00e9 des mauvais \u00e9l\u00e8ves, il y a d\u00e9saccord. Si la presse remet un timide (5) \u00e0 Duffus pour sa prestation moyenne mais dans la norme de son \u00e9quipe, les supporters sont plus s\u00e9v\u00e8res avec lui (3,9). Les attaquants du soir n\u2019ont pas les faveurs des notes, Cardona (4,1) et Davitashvili (4,2) sont les deux autres joueurs les moins bien \u00e9valu\u00e9s sur cette rencontre. Il faut dire qu\u2019avec un seul but en 20 frappes, les offensifs sont pass\u00e9s \u00e0 travers hier. Pas exempt de tout reproche sur l\u2019\u00e9galisation Grenobloise, Lamba fait partie des joueurs les moins bien not\u00e9s par la presse locale (4), \u00e0 l\u2019inverse, les votants du site se sont montr\u00e9s un peu plus g\u00e9n\u00e9reux avec le d\u00e9fenseur portugais (4,8), idem pour Ferreira (4,7).<\/p>\n<p>La moyenne du match oscille entre 4,6 supporters et 5 (Le Progr\u00e8s).<\/p>\n<tr>Joueurs<br \/>Supporters<br \/>Le Progr\u00e8s<br \/>R\u00e9dac\u2019 Evect<br \/><\/tr>\n<tr>\n<td style=\"width: 24.952%;\">Larsonneur<\/td>\n<td style=\"width: 24.952%; text-align: center;\">5<\/td>\n<td style=\"width: 24.952%; text-align: center;\">5<\/td>\n<td style=\"width: 24.7121%; text-align: center;\">5<\/td>\n<\/tr>\n<tr>\n<td style=\"width: 24.952%;\">Bernauer<\/td>\n<td style=\"text-align: center; width: 24.952%;\"><strong>6,4<\/strong><\/td>\n<td style=\"text-align: center; width: 24.952%;\"><strong>6<\/strong><\/td>\n<td style=\"text-align: center; width: 24.7121%;\"><strong>6<\/strong><\/td>\n<\/tr>\n<tr>\n<td style=\"width: 24.952%;\">Nad\u00e9<\/td>\n<td style=\"text-align: center; width: 24.952%;\"><strong>6<\/strong><\/td>\n<td style=\"text-align: center; width: 24.952%;\"><strong>6<\/strong><\/td>\n<td style=\"text-align: center; width: 24.7121%;\"><strong>6<\/strong><\/td>\n<\/tr>\n<tr>\n<td style=\"width: 24.952%;\">Lamba<\/td>\n<td style=\"text-align: center; width: 24.952%;\">4,8<\/td>\n<td style=\"text-align: center; width: 24.952%;\">4<\/td>\n<td style=\"text-align: center; width: 24.7121%;\">4<\/td>\n<\/tr>\n<tr>\n<td style=\"width: 24.952%;\">Ferreira<\/td>\n<td style=\"text-align: center; width: 24.952%;\">4,7<\/td>\n<td style=\"text-align: center; width: 24.952%;\">4<\/td>\n<td style=\"text-align: center; width: 24.7121%;\">4<\/td>\n<\/tr>\n<tr>\n<td style=\"text-align: left; width: 24.952%;\">Jaber<\/td>\n<td style=\"text-align: center; width: 24.952%;\"><strong>5,7<\/strong><\/td>\n<td style=\"text-align: center; width: 24.952%;\">6<\/td>\n<td style=\"text-align: center; width: 24.7121%;\">5<\/td>\n<\/tr>\n<tr>\n<td style=\"width: 24.952%;\">Tardieu<\/td>\n<td style=\"text-align: center; width: 24.952%;\">5,3<\/td>\n<td style=\"text-align: center; width: 24.952%;\">6<\/td>\n<td style=\"text-align: center; width: 24.7121%;\"><strong>6<\/strong><\/td>\n<\/tr>\n<tr>\n<td style=\"width: 24.952%;\">Moueffek<\/td>\n<td style=\"width: 24.952%; text-align: center;\">5,2<\/td>\n<td style=\"width: 24.952%; text-align: center;\">6<\/td>\n<td style=\"width: 24.7121%; text-align: center;\">5<\/td>\n<\/tr>\n<tr>\n<td style=\"width: 24.952%;\">Davitashvili<\/td>\n<td style=\"text-align: center; width: 24.952%;\">4,2<\/td>\n<td style=\"text-align: center; width: 24.952%;\">4<\/td>\n<td style=\"width: 24.7121%; text-align: center;\">\n<p>4<\/p>\n<\/td>\n<\/tr>\n<tr>\n<td style=\"width: 24.952%;\">Cardona<\/td>\n<td style=\"text-align: center; width: 24.952%;\">4,1<\/td>\n<td style=\"text-align: center; width: 24.952%;\">4<\/td>\n<td style=\"text-align: center; width: 24.7121%;\">4<\/td>\n<\/tr>\n<tr>\n<td style=\"width: 24.952%;\">Duffus<\/td>\n<td style=\"text-align: center; width: 24.952%;\">3,9<\/td>\n<td style=\"text-align: center; width: 24.952%;\">5<\/td>\n<td style=\"text-align: center; width: 24.7121%;\">5<\/td>\n<td style=\"width: 0.2399%; text-align: center;\"><\/td>\n<td style=\"width: 0.2399%; text-align: center;\"><\/td>\n<\/tr>\n<tr>\n<td style=\"width: 24.952%;\"><\/td>\n<td style=\"text-align: center; width: 24.952%;\"><\/td>\n<td style=\"text-align: center; width: 24.952%;\"><\/td>\n<td style=\"text-align: center; width: 24.7121%;\"><\/td>\n<\/tr>\n<tr>\n<td style=\"width: 24.952%;\">El Jamali<\/td>\n<td style=\"width: 24.952%; text-align: center;\">4,6<\/td>\n<td style=\"text-align: center; width: 24.952%;\">5<\/td>\n<td style=\"text-align: center; width: 24.7121%;\">5<\/td>\n<\/tr>\n<tr>\n<td style=\"width: 24.952%;\">Gadegbeku<\/td>\n<td style=\"width: 24.952%; text-align: center;\">5,2<\/td>\n<td style=\"width: 24.952%; text-align: center;\">5<\/td>\n<td style=\"width: 24.7121%; text-align: center;\">5<\/td>\n<\/tr>\n<tr>\n<td style=\"width: 24.952%;\"><\/td>\n<td style=\"text-align: center; width: 24.952%;\"><\/td>\n<td style=\"text-align: center; width: 24.952%;\"><\/td>\n<td style=\"text-align: center; width: 24.7121%;\"><\/td>\n<\/tr>\n<tr>\n<td style=\"width: 24.952%;\">Horneland<\/td>\n<td style=\"text-align: center; width: 24.952%;\">4,3<\/td>\n<td style=\"text-align: center; width: 24.952%;\">&#8211;<\/td>\n<td style=\"text-align: center; width: 24.7121%;\">5<\/td>\n<\/tr>\n<tr>\n<td style=\"width: 24.952%;\"><strong>Moy.<\/strong>\u00a0<\/td>\n<td style=\"width: 24.952%; text-align: center;\"><strong>4,6<\/strong><\/td>\n<td style=\"width: 24.952%; text-align: center;\"><strong>5<\/strong><\/td>\n<td style=\"width: 24.7121%; text-align: center;\"><strong>4,9<\/strong><\/td>\n<\/tr>\n<p>                  <a href=\"https:\/\/media.unibet.fr\/redirect.aspx?pid=274690&amp;bid=4442\" rel=\"nofollow noopener\" target=\"_blank\"><img decoding=\"async\" src=\"https:\/\/www.europesays.com\/fr\/wp-content\/uploads\/2025\/06\/EVECT10_560x100_V2.gif\" class=\"img-fluid\" alt=\"Pariez sur l'ASSE avec Unibet\" style=\"max-width: auto !important;margin-left: 0 !important;width: 100%;\"\/><\/a><\/p>\n","protected":false},"excerpt":{"rendered":"Apr\u00e8s des bulletins unanimes lors des deux pr\u00e9c\u00e9dentes victoires de l\u2019AS Saint-\u00c9tienne (ndlr, face \u00e0 rodez et Boulogne),&hellip;\n","protected":false},"author":2,"featured_media":356053,"comment_status":"","ping_status":"","sticky":false,"template":"","format":"standard","meta":{"footnotes":""},"categories":[9653],"tags":[1111,11,2430,1777,674,1011,27,12,25,4001],"class_list":{"0":"post-356541","1":"post","2":"type-post","3":"status-publish","4":"format-standard","5":"has-post-thumbnail","7":"category-saint-etienne","8":"tag-actu","9":"tag-actualites","10":"tag-auvergne-rhone-alpes","11":"tag-eu","12":"tag-europe","13":"tag-fr","14":"tag-france","15":"tag-news","16":"tag-republique-francaise","17":"tag-saint-etienne"},"share_on_mastodon":{"url":"https:\/\/pubeurope.com\/@fr\/115123806873027882","error":""},"_links":{"self":[{"href":"https:\/\/www.europesays.com\/fr\/wp-json\/wp\/v2\/posts\/356541","targetHints":{"allow":["GET"]}}],"collection":[{"href":"https:\/\/www.europesays.com\/fr\/wp-json\/wp\/v2\/posts"}],"about":[{"href":"https:\/\/www.europesays.com\/fr\/wp-json\/wp\/v2\/types\/post"}],"author":[{"embeddable":true,"href":"https:\/\/www.europesays.com\/fr\/wp-json\/wp\/v2\/users\/2"}],"replies":[{"embeddable":true,"href":"https:\/\/www.europesays.com\/fr\/wp-json\/wp\/v2\/comments?post=356541"}],"version-history":[{"count":0,"href":"https:\/\/www.europesays.com\/fr\/wp-json\/wp\/v2\/posts\/356541\/revisions"}],"wp:featuredmedia":[{"embeddable":true,"href":"https:\/\/www.europesays.com\/fr\/wp-json\/wp\/v2\/media\/356053"}],"wp:attachment":[{"href":"https:\/\/www.europesays.com\/fr\/wp-json\/wp\/v2\/media?parent=356541"}],"wp:term":[{"taxonomy":"category","embeddable":true,"href":"https:\/\/www.europesays.com\/fr\/wp-json\/wp\/v2\/categories?post=356541"},{"taxonomy":"post_tag","embeddable":true,"href":"https:\/\/www.europesays.com\/fr\/wp-json\/wp\/v2\/tags?post=356541"}],"curies":[{"name":"wp","href":"https:\/\/api.w.org\/{rel}","templated":true}]}}