{"id":356542,"date":"2025-08-31T14:17:11","date_gmt":"2025-08-31T14:17:11","guid":{"rendered":"https:\/\/www.europesays.com\/fr\/356542\/"},"modified":"2025-08-31T14:17:11","modified_gmt":"2025-08-31T14:17:11","slug":"villers-les-nancy-expo-coco-co-au-jardin-botanique","status":"publish","type":"post","link":"https:\/\/www.europesays.com\/fr\/356542\/","title":{"rendered":"Villers-l\u00e8s-Nancy. Expo \u00ab\u00a0Coco &#038; Co\u00a0\u00bb au Jardin botanique"},"content":{"rendered":"<p>Une exposition est organis\u00e9e dans le cadre des \u00e9v\u00e9nements M\u00e9tro\u2019folies 2025, c\u00e9l\u00e9brant l\u2019Art d\u00e9co sur le territoire de la m\u00e9tropole du Grand Nancy. Cocotiers, dattiers, palmiers \u00e0 huile, rotins\u2026 Les palmiers sont des plantes incontournables dans de nombreux pays. Leur allure tr\u00e8s graphique est une source d\u2019inspiration pour de nombreux artistes, la palme d\u2019or \u00e9tant d\u00e9cern\u00e9e au palmier\u00a0!<\/p>\n<p class=\"note\">Tous les jours de 9\u00a0h\u00a03.0 \u00e0 11\u00a0h\u00a045 et de 13\u00a0h \u00e0 17\u00a0h\u00a045 au Jardin botanique. Tarif\u00a0: 6,10\u00a0\u20ac.<\/p>\n","protected":false},"excerpt":{"rendered":"Une exposition est organis\u00e9e dans le cadre des \u00e9v\u00e9nements M\u00e9tro\u2019folies 2025, c\u00e9l\u00e9brant l\u2019Art d\u00e9co sur le territoire de&hellip;\n","protected":false},"author":2,"featured_media":356543,"comment_status":"","ping_status":"","sticky":false,"template":"","format":"standard","meta":{"footnotes":""},"categories":[9635],"tags":[1111,11,1687,1704,1777,674,1011,27,775,10262,1702,12,25,10261],"class_list":{"0":"post-356542","1":"post","2":"type-post","3":"status-publish","4":"format-standard","5":"has-post-thumbnail","7":"category-nancy","8":"tag-actu","9":"tag-actualites","10":"tag-culture-loisirs","11":"tag-edition-nancy-et-agglomeration","12":"tag-eu","13":"tag-europe","14":"tag-fr","15":"tag-france","16":"tag-grand-est","17":"tag-metropole-du-grand-nancy-54b5","18":"tag-nancy","19":"tag-news","20":"tag-republique-francaise","21":"tag-villers-les-nancy"},"share_on_mastodon":{"url":"https:\/\/pubeurope.com\/@fr\/115123810728881295","error":""},"_links":{"self":[{"href":"https:\/\/www.europesays.com\/fr\/wp-json\/wp\/v2\/posts\/356542","targetHints":{"allow":["GET"]}}],"collection":[{"href":"https:\/\/www.europesays.com\/fr\/wp-json\/wp\/v2\/posts"}],"about":[{"href":"https:\/\/www.europesays.com\/fr\/wp-json\/wp\/v2\/types\/post"}],"author":[{"embeddable":true,"href":"https:\/\/www.europesays.com\/fr\/wp-json\/wp\/v2\/users\/2"}],"replies":[{"embeddable":true,"href":"https:\/\/www.europesays.com\/fr\/wp-json\/wp\/v2\/comments?post=356542"}],"version-history":[{"count":0,"href":"https:\/\/www.europesays.com\/fr\/wp-json\/wp\/v2\/posts\/356542\/revisions"}],"wp:featuredmedia":[{"embeddable":true,"href":"https:\/\/www.europesays.com\/fr\/wp-json\/wp\/v2\/media\/356543"}],"wp:attachment":[{"href":"https:\/\/www.europesays.com\/fr\/wp-json\/wp\/v2\/media?parent=356542"}],"wp:term":[{"taxonomy":"category","embeddable":true,"href":"https:\/\/www.europesays.com\/fr\/wp-json\/wp\/v2\/categories?post=356542"},{"taxonomy":"post_tag","embeddable":true,"href":"https:\/\/www.europesays.com\/fr\/wp-json\/wp\/v2\/tags?post=356542"}],"curies":[{"name":"wp","href":"https:\/\/api.w.org\/{rel}","templated":true}]}}