{"id":356556,"date":"2025-08-31T14:25:28","date_gmt":"2025-08-31T14:25:28","guid":{"rendered":"https:\/\/www.europesays.com\/fr\/356556\/"},"modified":"2025-08-31T14:25:28","modified_gmt":"2025-08-31T14:25:28","slug":"voiture-belier-viol-bus-qui-ne-roulent-pas-voici-le-recap-de-lactualite-a-rouen","status":"publish","type":"post","link":"https:\/\/www.europesays.com\/fr\/356556\/","title":{"rendered":"Voiture b\u00e9lier, viol, bus qui ne roulent pas&#8230; voici le r\u00e9cap&rsquo; de l&rsquo;actualit\u00e9 \u00e0 Rouen"},"content":{"rendered":"<p>            Par<br \/>\n        <strong><br \/>\n            <a href=\"https:\/\/actu.fr\/auteur\/adrien-filoche\" title=\"Consulter tous les articles de Adrien Filoche\" rel=\"nofollow noopener\" target=\"_blank\">Adrien Filoche<\/a><br \/>\n        <\/strong><\/p>\n<p>        Publi\u00e9 le<\/p>\n<p>            31 ao\u00fbt 2025 \u00e0 15h00        <\/p>\n<p><strong>Vous n\u2019avez pas suivi l\u2019actualit\u00e9 cette semaine ?<\/strong> Pas de panique, comme chaque semaine, la r\u00e9daction vous propose un petit r\u00e9sum\u00e9 de tout ce qu\u2019il s\u2019est pass\u00e9 sur votre territoire. Voici le r\u00e9cap\u2019 de l\u2019actualit\u00e9 \u00e0 <a href=\"https:\/\/actu.fr\/normandie\/rouen_76540\" rel=\"nofollow noopener\" target=\"_blank\">Rouen<\/a> pour la semaine du 25 au 31 ao\u00fbt 2025.<\/p>\n<p>L\u2019actualit\u00e9 de la semaine \u00e0 Rouen<\/p>\n<ul class=\" wall-content\">\n<li><strong>Cambriolage \u00e0 la voiture b\u00e9lier<\/strong><\/li>\n<\/ul>\n<p class=\" wall-content\">Un cambriolage a eu lieu dans la nuit du 27 au 28 ao\u00fbt 2025 \u00e0 Darn\u00e9tal, pr\u00e8s de Rouen, dans une enseigne sp\u00e9cialis\u00e9e dans l\u2019armurerie de loisirs. Les voleurs ont utilis\u00e9 <a href=\"https:\/\/actu.fr\/normandie\/darnetal_76212\/cambriolage-a-la-voiture-belier-pres-de-rouen-les-voleurs-pillent-une-armurerie_63093753.html\" rel=\"nofollow noopener\" target=\"_blank\">une voiture b\u00e9lier.<\/a><\/p>\n<ul class=\" wall-content\">\n<li><strong>Des bus qui ne roulent pas<\/strong><\/li>\n<\/ul>\n<p class=\" wall-content\">La M\u00e9tropole de Rouen est \u00e9quip\u00e9e de sept camions de ramassage de d\u00e9chets carburant au gaz. Pourtant, cela fait plus d\u2019un an qu\u2019ils restent au placard. Pourquoi ? <a href=\"https:\/\/actu.fr\/normandie\/rouen_76540\/ils-ont-coute-pres-de-2-millions-d-euros-et-pourtant-ces-camions-bennes-au-gaz-ne-roulent-pas-a-rouen_63081883.html\" rel=\"nofollow noopener\" target=\"_blank\">On fait le point.<\/a><\/p>\n<ul class=\" wall-content\">\n<li><strong>La suite de l\u2019affaire du viol de l\u2019\u00eele Lacroix<\/strong><\/li>\n<\/ul>\n<p class=\" wall-content\">Un homme est accus\u00e9 d\u2019une tentative de viol survenue sur l\u2019\u00eele Lacroix \u00e0 Rouen, dans la nuit du 22 au 23 ao\u00fbt 2025. Cette semaine, on en a appris davantage sur le suspect, plac\u00e9 en d\u00e9tention. <a href=\"https:\/\/actu.fr\/normandie\/rouen_76540\/tentative-de-viol-sur-l-ile-lacroix-a-rouen-ce-que-l-on-sait-du-suspect-place-en-detention_63073374.html\" rel=\"nofollow noopener\" target=\"_blank\">Voici ce que l\u2019on sait.<\/a><\/p>\n<ul class=\" wall-content\">\n<li><strong>Transports gratuits pour les moins de 18 ans, comment le financer ?<\/strong><\/li>\n<\/ul>\n<p>Votre r\u00e9gion, votre actu !<\/p>\n<p>Recevez chaque jour les infos qui comptent pour vous.<\/p>\n<p>\t<a href=\"https:\/\/actu.fr\/newsletter\" class=\"ac-btn ac-btn--corner ac-btn--medium ac-btn--blue800\" rel=\"nofollow noopener\" target=\"_blank\">S&rsquo;incrire<\/a><\/p>\n<p class=\" wall-content\">D\u00e8s la rentr\u00e9e de septembre 2025, les transports seront gratuits \u00e0 Rouen pour les moins de 18 ans. Mais comment sera financ\u00e9e cette mesure ? <a href=\"https:\/\/actu.fr\/normandie\/rouen_76540\/a-rouen-les-transports-gratuits-pour-les-moins-de-18-ans-a-la-rentree-comment-financer-cette-mesure_63084565.html\" rel=\"nofollow noopener\" target=\"_blank\">On vous explique.<\/a><\/p>\n<p>Bons plans \u00e0 Rouen<\/p>\n<ul class=\" wall-content\">\n<li><strong>Un bar fait son grand retour<\/strong><\/li>\n<\/ul>\n<p class=\" wall-content\">Apr\u00e8s presque deux d\u00e9cennies de fermeture, le bar le Clipper, situ\u00e9 dans le quartier des antiquaires \u00e0 Rouen, fait son retour avec de nouveaux patrons. On vous fait la pr\u00e9sentation dans <a href=\"https:\/\/actu.fr\/normandie\/rouen_76540\/quinze-ans-plus-tard-un-grand-et-mythique-bar-de-pirates-fait-son-retour-a-rouen_63079961.html\" rel=\"nofollow noopener\" target=\"_blank\">notre article.<\/a><\/p>\n<ul class=\" wall-content\">\n<li><strong>Le Pitaya de la rue du Gros Horloge va rouvrir<\/strong><\/li>\n<\/ul>\n<p class=\" wall-content\">Ferm\u00e9 en f\u00e9vrier dernier suite \u00e0 des difficult\u00e9s financi\u00e8res, Pitaya va finalement rouvrir ses portes rue du Gros-Horloge \u00e0 Rouen. <a href=\"https:\/\/actu.fr\/normandie\/rouen_76540\/ferme-il-y-a-quelques-mois-ce-restaurant-va-rouvrir-rue-du-gros-horloge-a-rouen_63077835.html\" rel=\"nofollow noopener\" target=\"_blank\">Nos infos.<\/a><\/p>\n<ul class=\" wall-content\">\n<li><strong>Des animations gratuites pour la Solitaire du Figaro<\/strong><\/li>\n<\/ul>\n<p class=\" wall-content\">Cette ann\u00e9e encore, les quais de Rouen accueillent le d\u00e9part de la Solitaire du Figaro Paprec. Pour l\u2019occasion, il y aura <a href=\"https:\/\/actu.fr\/normandie\/rouen_76540\/zumba-bapteme-de-voile-cours-de-cuisine-ces-activites-gratuites-sur-la-solitaire-du-figaro-a-rouen_63078011.html\" rel=\"nofollow noopener\" target=\"_blank\">de nombreuses animations gratuites.<\/a><\/p>\n<p>Suivez l\u2019actualit\u00e9 de Rouen sur <a href=\"https:\/\/www.whatsapp.com\/channel\/0029VaKfnf99hXF2ddApFB1D\" rel=\"nofollow noopener\" target=\"_blank\">notre cha\u00eene WhatsApp<\/a> et sur <a href=\"https:\/\/www.tiktok.com\/@76actu.fr?lang=fr\" rel=\"nofollow noopener\" target=\"_blank\">notre compte TikTok<\/a><\/p>\n<p class=\" wall-content\">Personnalisez votre actualit\u00e9 en ajoutant vos villes et m\u00e9dias en favori avec <a href=\"https:\/\/moncompte.actu.fr\" title=\"D\u00e9couvez Mon Actu\" rel=\"nofollow noopener\" data-trk=\"{&quot;cta&quot;:{&quot;action&quot;:&quot;https:\\\/\\\/moncompte.actu.fr&quot;,&quot;category&quot;:&quot;mon compte&quot;,&quot;from&quot;:&quot;article footer&quot;,&quot;name&quot;:&quot;Mon actu&quot;,&quot;type&quot;:&quot;cta&quot;}}\" target=\"_blank\">Mon Actu<\/a>.<\/p>\n<p>                    <script async src=\"\/\/www.tiktok.com\/embed.js\"><\/script><\/p>\n","protected":false},"excerpt":{"rendered":"Par Adrien Filoche Publi\u00e9 le 31 ao\u00fbt 2025 \u00e0 15h00 Vous n\u2019avez pas suivi l\u2019actualit\u00e9 cette semaine ?&hellip;\n","protected":false},"author":2,"featured_media":356557,"comment_status":"","ping_status":"","sticky":false,"template":"","format":"standard","meta":{"footnotes":""},"categories":[9587],"tags":[1111,11,9086,1777,674,1011,27,12,5161,25,9590,104],"class_list":{"0":"post-356556","1":"post","2":"type-post","3":"status-publish","4":"format-standard","5":"has-post-thumbnail","7":"category-rouen","8":"tag-actu","9":"tag-actualites","10":"tag-bon-plan-a-rouen","11":"tag-eu","12":"tag-europe","13":"tag-fr","14":"tag-france","15":"tag-news","16":"tag-normandie","17":"tag-republique-francaise","18":"tag-rouen","19":"tag-societe"},"share_on_mastodon":{"url":"https:\/\/pubeurope.com\/@fr\/115123842099368426","error":""},"_links":{"self":[{"href":"https:\/\/www.europesays.com\/fr\/wp-json\/wp\/v2\/posts\/356556","targetHints":{"allow":["GET"]}}],"collection":[{"href":"https:\/\/www.europesays.com\/fr\/wp-json\/wp\/v2\/posts"}],"about":[{"href":"https:\/\/www.europesays.com\/fr\/wp-json\/wp\/v2\/types\/post"}],"author":[{"embeddable":true,"href":"https:\/\/www.europesays.com\/fr\/wp-json\/wp\/v2\/users\/2"}],"replies":[{"embeddable":true,"href":"https:\/\/www.europesays.com\/fr\/wp-json\/wp\/v2\/comments?post=356556"}],"version-history":[{"count":0,"href":"https:\/\/www.europesays.com\/fr\/wp-json\/wp\/v2\/posts\/356556\/revisions"}],"wp:featuredmedia":[{"embeddable":true,"href":"https:\/\/www.europesays.com\/fr\/wp-json\/wp\/v2\/media\/356557"}],"wp:attachment":[{"href":"https:\/\/www.europesays.com\/fr\/wp-json\/wp\/v2\/media?parent=356556"}],"wp:term":[{"taxonomy":"category","embeddable":true,"href":"https:\/\/www.europesays.com\/fr\/wp-json\/wp\/v2\/categories?post=356556"},{"taxonomy":"post_tag","embeddable":true,"href":"https:\/\/www.europesays.com\/fr\/wp-json\/wp\/v2\/tags?post=356556"}],"curies":[{"name":"wp","href":"https:\/\/api.w.org\/{rel}","templated":true}]}}