{"id":356558,"date":"2025-08-31T14:31:11","date_gmt":"2025-08-31T14:31:11","guid":{"rendered":"https:\/\/www.europesays.com\/fr\/356558\/"},"modified":"2025-08-31T14:31:11","modified_gmt":"2025-08-31T14:31:11","slug":"lyon-le-memorial-de-la-shoah-vandalise-par-un-tag-free-gaza","status":"publish","type":"post","link":"https:\/\/www.europesays.com\/fr\/356558\/","title":{"rendered":"Lyon. Le m\u00e9morial de la Shoah vandalis\u00e9 par un tag \u00ab Free Gaza \u00bb"},"content":{"rendered":"<p>Une inscription \u00ab Free Gaza \u00bb a \u00e9t\u00e9 d\u00e9couverte samedi sur un m\u00e9morial d\u00e9di\u00e9 \u00e0 la Shoah au centre de Lyon, a annonc\u00e9 \u00e0 l&rsquo;AFP la ville, dont le maire, Gr\u00e9gory Doucet, a aussit\u00f4t d\u00e9nonc\u00e9 un \u00ab acte intol\u00e9rable \u00bb.<\/p>\n<p>\u00ab\u00a0Lyon reste debout face \u00e0 la haine\u00a0\u00bb<\/p>\n<p>La mairie a fourni \u00e0 l&rsquo;AFP une photo de l&rsquo;inscription, grav\u00e9e manifestement avec un objet pointu dans le marbre noir d&rsquo;une plaque de pr\u00e9sentation du monument.<\/p>\n<p>\u00ab La d\u00e9gradation du M\u00e9morial de la Shoah \u00e0 Lyon est un acte intol\u00e9rable. Je le condamne et exprime toute ma solidarit\u00e9 aux associations de m\u00e9moire, aux rescap\u00e9s et \u00e0 leurs descendants \u00bb, \u00e9crit Gr\u00e9gory Doucet dans un message transmis \u00e0 l&rsquo;AFP.<\/p>\n<p>\u00ab Les auteurs seront recherch\u00e9s et poursuivis. Lyon reste debout face \u00e0 la haine, \u00e0 l\u2019antis\u00e9mitisme et au racisme \u00bb, poursuit le maire.<\/p>\n<p>L&rsquo;inscription effac\u00e9e<\/p>\n<p>A proximit\u00e9 de la gare de Lyon-Perrache en centre-ville, le monument, nomm\u00e9 Les Rails de la m\u00e9moire, a \u00e9t\u00e9 inaugur\u00e9 en janvier 2025 pour les 80 ans de la lib\u00e9ration du camp d\u2019Auschwitz-Birkenau.<\/p>\n<p>Cet empilement de rails entrecrois\u00e9s sur 3m de haut symbolise le point de d\u00e9part des convois de d\u00e9port\u00e9s et arbore en lettre dor\u00e9es l&rsquo;inscription suivante: \u00ab En m\u00e9moire des six millions de Juifs victimes de la Shoah dont un million et demi d&rsquo;enfants &#8211; 1941-1945 &#8211; 6.100 venaient de notre r\u00e9gion \u00bb.<\/p>\n<p>\u00ab Le fait que cette inscription ait \u00e9t\u00e9 faite sur un m\u00e9morial \u00e0 la Shoah rel\u00e8ve \u00e9videmment d&rsquo;un acte antis\u00e9mite \u00bb, a comment\u00e9 aupr\u00e8s de l&rsquo;AFP un responsable du cabinet de la mairie. La municipalit\u00e9 a rapidement fait effacer l&rsquo;inscription et \u00ab restaurera la semaine prochaine l&rsquo;int\u00e9grit\u00e9 de la plaque \u00bb, a pr\u00e9cis\u00e9 cette source.<\/p>\n<p>Une plainte d\u00e9pos\u00e9e<\/p>\n<p>Le pr\u00e9sident de l&rsquo;association du M\u00e9morial de la Shoah, Jean-Olivier Viout, a d\u00e9pos\u00e9 une plainte, selon la mairie.\u00a0<\/p>\n<p>Les actes antis\u00e9mites ont connu une nette progression en France apr\u00e8s le 7 octobre 2023, date des attaques sans pr\u00e9c\u00e9dent du mouvement islamiste palestinien Hamas contre Isra\u00ebl et du d\u00e9clenchement de la guerre \u00e0 Gaza.<\/p>\n<p>Sur les six premiers mois de l&rsquo;ann\u00e9e 2025, 646 actes antis\u00e9mites ont \u00e9t\u00e9 recens\u00e9s dans le pays, selon le minist\u00e8re de l&rsquo;Int\u00e9rieur. Soit une diminution de 27,5% comparativement au premier semestre de 2024, mais un bond de 112,5% par rapport \u00e0 la m\u00eame p\u00e9riode de 2023.<\/p>\n","protected":false},"excerpt":{"rendered":"Une inscription \u00ab Free Gaza \u00bb a \u00e9t\u00e9 d\u00e9couverte samedi sur un m\u00e9morial d\u00e9di\u00e9 \u00e0 la Shoah au&hellip;\n","protected":false},"author":2,"featured_media":356561,"comment_status":"","ping_status":"","sticky":false,"template":"","format":"standard","meta":{"footnotes":""},"categories":[9566],"tags":[1111,11,2430,271,272,1777,674,274,107,1011,27,329,2731,2428,12,5889,25,2429],"class_list":{"0":"post-356558","1":"post","2":"type-post","3":"status-publish","4":"format-standard","5":"has-post-thumbnail","7":"category-grenoble","8":"tag-actu","9":"tag-actualites","10":"tag-auvergne-rhone-alpes","11":"tag-crime","12":"tag-delit-et-contravention","13":"tag-eu","14":"tag-europe","15":"tag-faits-divers-justice","16":"tag-fil-info","17":"tag-fr","18":"tag-france","19":"tag-france-monde","20":"tag-grenoble","21":"tag-lyon","22":"tag-news","23":"tag-religion-croyance","24":"tag-republique-francaise","25":"tag-rhone"},"share_on_mastodon":{"url":"","error":""},"_links":{"self":[{"href":"https:\/\/www.europesays.com\/fr\/wp-json\/wp\/v2\/posts\/356558","targetHints":{"allow":["GET"]}}],"collection":[{"href":"https:\/\/www.europesays.com\/fr\/wp-json\/wp\/v2\/posts"}],"about":[{"href":"https:\/\/www.europesays.com\/fr\/wp-json\/wp\/v2\/types\/post"}],"author":[{"embeddable":true,"href":"https:\/\/www.europesays.com\/fr\/wp-json\/wp\/v2\/users\/2"}],"replies":[{"embeddable":true,"href":"https:\/\/www.europesays.com\/fr\/wp-json\/wp\/v2\/comments?post=356558"}],"version-history":[{"count":0,"href":"https:\/\/www.europesays.com\/fr\/wp-json\/wp\/v2\/posts\/356558\/revisions"}],"wp:featuredmedia":[{"embeddable":true,"href":"https:\/\/www.europesays.com\/fr\/wp-json\/wp\/v2\/media\/356561"}],"wp:attachment":[{"href":"https:\/\/www.europesays.com\/fr\/wp-json\/wp\/v2\/media?parent=356558"}],"wp:term":[{"taxonomy":"category","embeddable":true,"href":"https:\/\/www.europesays.com\/fr\/wp-json\/wp\/v2\/categories?post=356558"},{"taxonomy":"post_tag","embeddable":true,"href":"https:\/\/www.europesays.com\/fr\/wp-json\/wp\/v2\/tags?post=356558"}],"curies":[{"name":"wp","href":"https:\/\/api.w.org\/{rel}","templated":true}]}}