{"id":356560,"date":"2025-08-31T14:31:14","date_gmt":"2025-08-31T14:31:14","guid":{"rendered":"https:\/\/www.europesays.com\/fr\/356560\/"},"modified":"2025-08-31T14:31:14","modified_gmt":"2025-08-31T14:31:14","slug":"pro-d2-ca-ne-veut-pas-dire-quon-est-dans-lacceptation-de-nos-echecs-grenoble-la-reponse-du-patron","status":"publish","type":"post","link":"https:\/\/www.europesays.com\/fr\/356560\/","title":{"rendered":"Pro D2 \u2013 \u00ab\u00a0\u00c7a ne veut pas dire qu\u2019on est dans l\u2019acceptation de nos \u00e9checs\u00a0\u00bb\u00a0: Grenoble, la r\u00e9ponse du patron"},"content":{"rendered":"<p>\n                Grenoble a r\u00e9ussi son premier match de la saison. En s\u2019imposant \u00e0 Oyonnax gr\u00e2ce \u00e0 une ultime p\u00e9nalit\u00e9 r\u00e9ussie par Romain Trouilloud, les finalistes malheureux de la saison derni\u00e8re ont montr\u00e9 qu\u2019ils \u00e9taient pr\u00eats \u00e0 repartir au combat.\n            <\/p>\n<p>\u00c0 l\u2019issue d\u2019une saison 2024-2025 marqu\u00e9e par d\u2019immenses d\u00e9sillusions, l\u2019habitude de la d\u00e9faite aurait pu s\u2019installer \u00e0 Grenoble. Car voil\u00e0 d\u00e9sormais trois saisons cons\u00e9cutives que l\u2019histoire se r\u00e9p\u00e8te pour le FCG\u00a0: chaque ann\u00e9e, ils atteignent la finale de Pro D2, la perdent, puis disputent l\u2019access match du Top 14 et perdent encore. La m\u00eame frustration, saison apr\u00e8s saison, qu\u2019il faut effacer, pour mieux rebondir. Ce vendredi soir, \u00e0 Oyonnax, la consigne \u00e9tait simple\u00a0: retrouver une coh\u00e9sion et r\u00e9agir en patron\u00a0!<\/p>\n<p>Apr\u00e8s cinquante minutes timides, durant lesquelles les Oyomen ont men\u00e9 presque tout du long jusqu\u2019\u00e0 compter douze points d\u2019avance en d\u00e9but de seconde p\u00e9riode, les Grenoblois ont montr\u00e9 qu\u2019ils n\u2019avaient rien perdu de leur superbe. Un banc tr\u00e8s costaud, notamment, leur a permis de revenir et d\u2019arracher une victoire inesp\u00e9r\u00e9e gr\u00e2ce \u00e0 la botte de Romain Trouilloud, apr\u00e8s la sir\u00e8ne.<\/p>\n<blockquote><p>\n<strong>On ne s\u2019attendait pas \u00e0 rivaliser avec Oyonnax<\/strong>\n<\/p><\/blockquote>\n<p>Cette victoire finale 28-30 ne laisse pas de place au doute\u00a0: Grenoble est de retour et il faudra bel et bien compter sur lui\u2026 Encore\u00a0! \u00c0 la sortie du match, en conf\u00e9rence de presse, Nicolas Nadau a tenu \u00e0 replacer ce succ\u00e8s dans son contexte\u00a0: \u00ab\u00a0On est en retard sur notre rugby. Quand eux ont commenc\u00e9 la pr\u00e9pa le 18\u00a0juin, on sortait \u00e0 peine de nos malheurs des phases finales.\u00a0\u00bb Une pr\u00e9paration plus courte, mais qui a su faire ressortir les valeurs de ce groupe\u00a0: \u00ab\u00a0On n\u2019\u00e9tait pas totalement pr\u00eats avant ce match mais depuis trois ans, on montre beaucoup de caract\u00e8re, beaucoup de r\u00e9silience. C\u2019est ce qui nous fait gagner ce soir. Je savais qu\u2019on allait rebondir. La question c\u2019\u00e9tait\u00a0: \u00ab\u00a0quand\u00a0?\u00a0\u00bb. Et en ayant vu les matchs de pr\u00e9paration, on ne s\u2019attendait pas \u00e0 rivaliser avec Oyonnax.\u00a0\u00bb<\/p>\n<p>Malgr\u00e9 la victoire, Nadau ne se montrait pas totalement rassur\u00e9\u00a0: \u00ab\u00a0Gagner \u00e0 Oyo ne veut pas dire qu\u2019on est dans l\u2019acceptation de nos \u00e9checs. On n\u2019est pas \u00e0 l\u2019abri de rechuter. Le groupe a v\u00e9cu une fin de saison difficile, mais il vit bien, il avance. Le plus dur va \u00eatre de ne pas tomber dans l\u2019euphorie qui peut nous tirer vers le bas.\u00a0\u00bb Un nouveau d\u00e9fi \u00e0 relever pour les Grenoblois qui comptent bien, cette ann\u00e9e encore, retrouver la finale. Et enfin en sortir vainqueurs\u2026<\/p>\n","protected":false},"excerpt":{"rendered":"Grenoble a r\u00e9ussi son premier match de la saison. En s\u2019imposant \u00e0 Oyonnax gr\u00e2ce \u00e0 une ultime p\u00e9nalit\u00e9&hellip;\n","protected":false},"author":2,"featured_media":356563,"comment_status":"","ping_status":"","sticky":false,"template":"","format":"standard","meta":{"footnotes":""},"categories":[9566],"tags":[1111,11,2430,1777,674,1011,27,2731,12,25],"class_list":{"0":"post-356560","1":"post","2":"type-post","3":"status-publish","4":"format-standard","5":"has-post-thumbnail","7":"category-grenoble","8":"tag-actu","9":"tag-actualites","10":"tag-auvergne-rhone-alpes","11":"tag-eu","12":"tag-europe","13":"tag-fr","14":"tag-france","15":"tag-grenoble","16":"tag-news","17":"tag-republique-francaise"},"share_on_mastodon":{"url":"https:\/\/pubeurope.com\/@fr\/115123865711340673","error":""},"_links":{"self":[{"href":"https:\/\/www.europesays.com\/fr\/wp-json\/wp\/v2\/posts\/356560","targetHints":{"allow":["GET"]}}],"collection":[{"href":"https:\/\/www.europesays.com\/fr\/wp-json\/wp\/v2\/posts"}],"about":[{"href":"https:\/\/www.europesays.com\/fr\/wp-json\/wp\/v2\/types\/post"}],"author":[{"embeddable":true,"href":"https:\/\/www.europesays.com\/fr\/wp-json\/wp\/v2\/users\/2"}],"replies":[{"embeddable":true,"href":"https:\/\/www.europesays.com\/fr\/wp-json\/wp\/v2\/comments?post=356560"}],"version-history":[{"count":0,"href":"https:\/\/www.europesays.com\/fr\/wp-json\/wp\/v2\/posts\/356560\/revisions"}],"wp:featuredmedia":[{"embeddable":true,"href":"https:\/\/www.europesays.com\/fr\/wp-json\/wp\/v2\/media\/356563"}],"wp:attachment":[{"href":"https:\/\/www.europesays.com\/fr\/wp-json\/wp\/v2\/media?parent=356560"}],"wp:term":[{"taxonomy":"category","embeddable":true,"href":"https:\/\/www.europesays.com\/fr\/wp-json\/wp\/v2\/categories?post=356560"},{"taxonomy":"post_tag","embeddable":true,"href":"https:\/\/www.europesays.com\/fr\/wp-json\/wp\/v2\/tags?post=356560"}],"curies":[{"name":"wp","href":"https:\/\/api.w.org\/{rel}","templated":true}]}}