{"id":356570,"date":"2025-08-31T14:42:15","date_gmt":"2025-08-31T14:42:15","guid":{"rendered":"https:\/\/www.europesays.com\/fr\/356570\/"},"modified":"2025-08-31T14:42:15","modified_gmt":"2025-08-31T14:42:15","slug":"direct-ligue-1-ecoutez-le-havre-nice-match-a-suivre-en-integralite-sur-ici-normandie","status":"publish","type":"post","link":"https:\/\/www.europesays.com\/fr\/356570\/","title":{"rendered":"DIRECT &#8211; Ligue 1 : \u00e9coutez Le Havre &#8211; Nice, match \u00e0 suivre en int\u00e9gralit\u00e9 sur ICI Normandie"},"content":{"rendered":"<p>Le HAC accueille ce dimanche apr\u00e8s-midi l&rsquo;OGC Nice, au stade Oc\u00e9ane, pour la 3e journ\u00e9e de Ligue 1, bien d\u00e9cid\u00e9 \u00e0 ouvrir le compteur de points. Suivez le match avec ICI Normandie.<\/p>\n<p>Apr\u00e8s deux matches, sold\u00e9s par autant de d\u00e9faites, contre Monaco et Lens, le HAC poursuit son d\u00e9but de saison de Ligue 1 en hautes altitudes en recevant ce dimanche 31 ao\u00fbt l&rsquo;OGC Nice. Pour ce match, le HAC sera au complet, sans absents dans les rangs, avec seule une interrogation concernant la situation administrative de la nouvelle recrue chilienne Damian Pizarro. Suivez le match en direct et en int\u00e9gralit\u00e9 avec ICI Normandie, avec les commentaires de Fran\u00e7ois Manoury et de Romane Enguehard, joueuse du HAC et consultante pour notre radio.<\/p>\n<p>loading<\/p>\n<p>loading<\/p>\n<p>loading<\/p>\n<p>loading<\/p>\n","protected":false},"excerpt":{"rendered":"Le HAC accueille ce dimanche apr\u00e8s-midi l&rsquo;OGC Nice, au stade Oc\u00e9ane, pour la 3e journ\u00e9e de Ligue 1,&hellip;\n","protected":false},"author":2,"featured_media":356571,"comment_status":"","ping_status":"","sticky":false,"template":"","format":"standard","meta":{"footnotes":""},"categories":[2819],"tags":[1111,11,1777,674,1011,27,12,2401,882,25],"class_list":{"0":"post-356570","1":"post","2":"type-post","3":"status-publish","4":"format-standard","5":"has-post-thumbnail","7":"category-nice","8":"tag-actu","9":"tag-actualites","10":"tag-eu","11":"tag-europe","12":"tag-fr","13":"tag-france","14":"tag-news","15":"tag-nice","16":"tag-provence-alpes-cote-dazur","17":"tag-republique-francaise"},"share_on_mastodon":{"url":"https:\/\/pubeurope.com\/@fr\/115123908977911593","error":""},"_links":{"self":[{"href":"https:\/\/www.europesays.com\/fr\/wp-json\/wp\/v2\/posts\/356570","targetHints":{"allow":["GET"]}}],"collection":[{"href":"https:\/\/www.europesays.com\/fr\/wp-json\/wp\/v2\/posts"}],"about":[{"href":"https:\/\/www.europesays.com\/fr\/wp-json\/wp\/v2\/types\/post"}],"author":[{"embeddable":true,"href":"https:\/\/www.europesays.com\/fr\/wp-json\/wp\/v2\/users\/2"}],"replies":[{"embeddable":true,"href":"https:\/\/www.europesays.com\/fr\/wp-json\/wp\/v2\/comments?post=356570"}],"version-history":[{"count":0,"href":"https:\/\/www.europesays.com\/fr\/wp-json\/wp\/v2\/posts\/356570\/revisions"}],"wp:featuredmedia":[{"embeddable":true,"href":"https:\/\/www.europesays.com\/fr\/wp-json\/wp\/v2\/media\/356571"}],"wp:attachment":[{"href":"https:\/\/www.europesays.com\/fr\/wp-json\/wp\/v2\/media?parent=356570"}],"wp:term":[{"taxonomy":"category","embeddable":true,"href":"https:\/\/www.europesays.com\/fr\/wp-json\/wp\/v2\/categories?post=356570"},{"taxonomy":"post_tag","embeddable":true,"href":"https:\/\/www.europesays.com\/fr\/wp-json\/wp\/v2\/tags?post=356570"}],"curies":[{"name":"wp","href":"https:\/\/api.w.org\/{rel}","templated":true}]}}