{"id":356572,"date":"2025-08-31T14:49:18","date_gmt":"2025-08-31T14:49:18","guid":{"rendered":"https:\/\/www.europesays.com\/fr\/356572\/"},"modified":"2025-08-31T14:49:18","modified_gmt":"2025-08-31T14:49:18","slug":"junior-mwanga-vers-nantes-alsasports","status":"publish","type":"post","link":"https:\/\/www.europesays.com\/fr\/356572\/","title":{"rendered":"Junior Mwanga vers Nantes ! \u2014 Alsa&rsquo;Sports"},"content":{"rendered":"<p>Auteur d\u2019un d\u00e9but de saison plus que correct, Junior Mwanga va \u00eatre pr\u00eat\u00e9 pour une seconde saison de rang. En effet, pr\u00eat\u00e9 au Havre la saison passe, Junior Mwanga avait grandement particip\u00e9 au maintien de l\u2019\u00e9quipe en Ligue 1. Alors que l\u2019effectif strasbourgeois continue de grandir, l\u2019ancien joueur des Girondins de Bordeaux devrait cette fois-ci \u00eatre pr\u00eat\u00e9 au FC Nantes comme le rapporte le quotidien sportif L\u2019\u00c9quipe. Un mercato qui risque d\u2019\u00eatre anim\u00e9 jusqu\u2019\u00e0 la derni\u00e8re minute pour le club alsacien ! <\/p>\n","protected":false},"excerpt":{"rendered":"Auteur d\u2019un d\u00e9but de saison plus que correct, Junior Mwanga va \u00eatre pr\u00eat\u00e9 pour une seconde saison de&hellip;\n","protected":false},"author":2,"featured_media":356573,"comment_status":"","ping_status":"","sticky":false,"template":"","format":"standard","meta":{"footnotes":""},"categories":[2818],"tags":[1111,11,1777,674,1011,27,766,12,2636,25],"class_list":{"0":"post-356572","1":"post","2":"type-post","3":"status-publish","4":"format-standard","5":"has-post-thumbnail","7":"category-nantes","8":"tag-actu","9":"tag-actualites","10":"tag-eu","11":"tag-europe","12":"tag-fr","13":"tag-france","14":"tag-nantes","15":"tag-news","16":"tag-pays-de-la-loire","17":"tag-republique-francaise"},"share_on_mastodon":{"url":"","error":""},"_links":{"self":[{"href":"https:\/\/www.europesays.com\/fr\/wp-json\/wp\/v2\/posts\/356572","targetHints":{"allow":["GET"]}}],"collection":[{"href":"https:\/\/www.europesays.com\/fr\/wp-json\/wp\/v2\/posts"}],"about":[{"href":"https:\/\/www.europesays.com\/fr\/wp-json\/wp\/v2\/types\/post"}],"author":[{"embeddable":true,"href":"https:\/\/www.europesays.com\/fr\/wp-json\/wp\/v2\/users\/2"}],"replies":[{"embeddable":true,"href":"https:\/\/www.europesays.com\/fr\/wp-json\/wp\/v2\/comments?post=356572"}],"version-history":[{"count":0,"href":"https:\/\/www.europesays.com\/fr\/wp-json\/wp\/v2\/posts\/356572\/revisions"}],"wp:featuredmedia":[{"embeddable":true,"href":"https:\/\/www.europesays.com\/fr\/wp-json\/wp\/v2\/media\/356573"}],"wp:attachment":[{"href":"https:\/\/www.europesays.com\/fr\/wp-json\/wp\/v2\/media?parent=356572"}],"wp:term":[{"taxonomy":"category","embeddable":true,"href":"https:\/\/www.europesays.com\/fr\/wp-json\/wp\/v2\/categories?post=356572"},{"taxonomy":"post_tag","embeddable":true,"href":"https:\/\/www.europesays.com\/fr\/wp-json\/wp\/v2\/tags?post=356572"}],"curies":[{"name":"wp","href":"https:\/\/api.w.org\/{rel}","templated":true}]}}