{"id":356578,"date":"2025-08-31T14:51:13","date_gmt":"2025-08-31T14:51:13","guid":{"rendered":"https:\/\/www.europesays.com\/fr\/356578\/"},"modified":"2025-08-31T14:51:13","modified_gmt":"2025-08-31T14:51:13","slug":"a-bordeaux-les-irreductibles-se-sont-retrouves-au-festival-de-jeux-de-societe","status":"publish","type":"post","link":"https:\/\/www.europesays.com\/fr\/356578\/","title":{"rendered":"\u00c0 Bordeaux, les irr\u00e9ductibles se sont retrouv\u00e9s au festival de jeux de soci\u00e9t\u00e9"},"content":{"rendered":"<p>Le festival du jeu de soci\u00e9t\u00e9 \u00e0 Bordeaux a des allures de r\u00e9union de quartier. Boutiques de jeux voisines (Jeux Descartes, Jeux Barjo), associations de joueurs bordelais, cr\u00e9ateurs et habitu\u00e9s se sont retrouv\u00e9s pour la cinqui\u00e8me fois sur l\u2019esplanade de la rue Saint-Sernin, samedi 30\u00a0ao\u00fbt. \u00ab\u00a0Il existait des festivals partout en France, comme celui de Parthenay, dans les Deux-S\u00e8vres, et le c\u00e9l\u00e8bre festival de Cannes, sourit Martin de la Morinerie, g\u00e9rant du bar Lila and the Barber, \u00e0 l\u2019initiative de l\u2019\u00e9v\u00e9nement. Il nous fallait le n\u00f4tre.\u00a0\u00bb<\/p>\n","protected":false},"excerpt":{"rendered":"Le festival du jeu de soci\u00e9t\u00e9 \u00e0 Bordeaux a des allures de r\u00e9union de quartier. Boutiques de jeux&hellip;\n","protected":false},"author":2,"featured_media":356579,"comment_status":"","ping_status":"","sticky":false,"template":"","format":"standard","meta":{"footnotes":""},"categories":[2817],"tags":[1111,11,1997,1777,674,1011,27,12,2219,25],"class_list":{"0":"post-356578","1":"post","2":"type-post","3":"status-publish","4":"format-standard","5":"has-post-thumbnail","7":"category-bordeaux","8":"tag-actu","9":"tag-actualites","10":"tag-bordeaux","11":"tag-eu","12":"tag-europe","13":"tag-fr","14":"tag-france","15":"tag-news","16":"tag-nouvelle-aquitaine","17":"tag-republique-francaise"},"share_on_mastodon":{"url":"https:\/\/pubeurope.com\/@fr\/115123944410133293","error":""},"_links":{"self":[{"href":"https:\/\/www.europesays.com\/fr\/wp-json\/wp\/v2\/posts\/356578","targetHints":{"allow":["GET"]}}],"collection":[{"href":"https:\/\/www.europesays.com\/fr\/wp-json\/wp\/v2\/posts"}],"about":[{"href":"https:\/\/www.europesays.com\/fr\/wp-json\/wp\/v2\/types\/post"}],"author":[{"embeddable":true,"href":"https:\/\/www.europesays.com\/fr\/wp-json\/wp\/v2\/users\/2"}],"replies":[{"embeddable":true,"href":"https:\/\/www.europesays.com\/fr\/wp-json\/wp\/v2\/comments?post=356578"}],"version-history":[{"count":0,"href":"https:\/\/www.europesays.com\/fr\/wp-json\/wp\/v2\/posts\/356578\/revisions"}],"wp:featuredmedia":[{"embeddable":true,"href":"https:\/\/www.europesays.com\/fr\/wp-json\/wp\/v2\/media\/356579"}],"wp:attachment":[{"href":"https:\/\/www.europesays.com\/fr\/wp-json\/wp\/v2\/media?parent=356578"}],"wp:term":[{"taxonomy":"category","embeddable":true,"href":"https:\/\/www.europesays.com\/fr\/wp-json\/wp\/v2\/categories?post=356578"},{"taxonomy":"post_tag","embeddable":true,"href":"https:\/\/www.europesays.com\/fr\/wp-json\/wp\/v2\/tags?post=356578"}],"curies":[{"name":"wp","href":"https:\/\/api.w.org\/{rel}","templated":true}]}}