{"id":356584,"date":"2025-08-31T14:59:14","date_gmt":"2025-08-31T14:59:14","guid":{"rendered":"https:\/\/www.europesays.com\/fr\/356584\/"},"modified":"2025-08-31T14:59:14","modified_gmt":"2025-08-31T14:59:14","slug":"tout-savoir-avec-nos-articles-dedies","status":"publish","type":"post","link":"https:\/\/www.europesays.com\/fr\/356584\/","title":{"rendered":"tout savoir avec nos articles d\u00e9di\u00e9s"},"content":{"rendered":"<p>            Par<br \/>\n        <strong><br \/>\n            <a href=\"https:\/\/actu.fr\/auteur\/annesophie-2\" title=\"Consulter tous les articles de Anne-Sophie Hourdeaux\" target=\"_blank\" rel=\"noopener\">Anne-Sophie Hourdeaux<\/a><br \/>\n        <\/strong><\/p>\n<p>        Publi\u00e9 le<\/p>\n<p>            31 ao\u00fbt 2025 \u00e0 16h00        <\/p>\n<p><b>La r\u00e9novation urbaine \u00e0 <a href=\"https:\/\/actu.fr\/hauts-de-france\/roubaix_59512\" target=\"_blank\" rel=\"noopener\">Roubaix<\/a> concerne 4 quartiers<\/b>\u2009: l\u2019Alma, le Pile, l\u2019\u00c9peule et les Trois Ponts. <b>Constructions, d\u00e9molitions, espaces verts, nouvelles places, nouveaux parcs<\/b>\u2009: on fait le point sur tous les changements qui se dessinent peu \u00e0 peu, et sur les <b>futurs chantiers jusque 2037.<\/b><\/p>\n<p>    <img   decoding=\"async\" loading=\"lazy\" class=\"size-large\" src=\"https:\/\/www.europesays.com\/fr\/wp-content\/uploads\/2025\/08\/06c08f8010486e9c08f8010480ec08v-3-960x640.jpeg\" alt=\"pile roubaix tag\" width=\"960\" height=\"640\"\/><br \/>\n    Les murs parlent \u00e0 Roubaix\u2009! \u00a9Anne-Sophie Hourdeaux\/Croix du Nord<\/p>\n<p class=\" wall-content\"><a href=\"https:\/\/actu.fr\/hauts-de-france\/roubaix_59512\/1-6-renovation-urbaine-dans-4-quartiers-de-roubaix-le-plus-vaste-chantier-urbain-de-la-metropole-de-lille_63070235.html\" target=\"_blank\" rel=\"noopener\">Notre article sur la r\u00e9novation urbaine \u00e0 Roubaix et sa pr\u00e9sentation g\u00e9n\u00e9rale<\/a><\/p>\n<p class=\" wall-content\">Le point sur les travaux dans tous les quartiers, et le sens de cette d\u00e9marche.<\/p>\n<p>    <img   decoding=\"async\" loading=\"lazy\" class=\"size-large\" src=\"https:\/\/www.europesays.com\/fr\/wp-content\/uploads\/2025\/08\/a7cae0327ca86bbcae0327ca8bfcaev-960x640.jpg\" alt=\"flavia intonti r\u00e9novation urbaine roubaix\" width=\"960\" height=\"640\"\/><br \/>\n    Flavia Intonti est responsable de la r\u00e9novation urbaine \u00e0 Roubaix. \u00a9Anne-Sophie Hourdeaux\/Croix du Nord<\/p>\n<p class=\" wall-content\"><a href=\"https:\/\/actu.fr\/hauts-de-france\/roubaix_59512\/2-6-renovation-urbaine-a-lepeule-faire-un-quartier-jardin-avec-une-nouvelle-dynamique-commerciale_63071139.html\" target=\"_blank\" rel=\"noopener\">Notre article sur le quartier de l\u2019\u00c9peule<\/a><\/p>\n<p class=\" wall-content\">L\u2019\u00c9peule va devenir un quartier-jardin avec l\u2019extension du Parc de Brondeloire.<\/p>\n<p>    <img   decoding=\"async\" loading=\"lazy\" class=\"size-large\" src=\"https:\/\/www.europesays.com\/fr\/wp-content\/uploads\/2025\/08\/6c5b9ac938a86806b9ac938a8546b9v-1-960x640.jpg\" alt=\"r\u00e9novation urbaine \u00e9peule roubaix\" width=\"960\" height=\"640\"\/><br \/>\n    Une nouvelle place devant le Colis\u00e9e se dessine. \u00a9Ville de Roubaix<\/p>\n<p class=\" wall-content\"><a href=\"https:\/\/actu.fr\/hauts-de-france\/roubaix_59512\/4-6-renovation-urbaine-aux-trois-ponts-a-roubaix-bientot-de-nouveaux-lieux-pour-les-jeunes-et-les-familles_63083465.html\" target=\"_blank\" rel=\"noopener\">Notre article sur le quartier des Trois Ponts<\/a><\/p>\n<p class=\" wall-content\">Deux tours sont en train d\u2019\u00eatre d\u00e9construites, de nouveaux \u00e9quipements pour les familles et les jeunes sont pr\u00e9vus, dont une salle de sports.<\/p>\n<p>    <img   decoding=\"async\" loading=\"lazy\" class=\"size-large\" src=\"https:\/\/www.europesays.com\/fr\/wp-content\/uploads\/2025\/08\/cd3bbc3768a86914bbc3768a8554bbv-1-960x640.jpg\" alt=\"Quartier 3 POnts Roubaix\" width=\"960\" height=\"640\"\/><br \/>\n    Le quartier 3 Ponts \u00e0 Roubaix verra de nouveaux \u00e9quipements familiaux et pour la jeunesse. \u00a9Street View<\/p>\n<p>Votre r\u00e9gion, votre actu !<\/p>\n<p>Recevez chaque jour les infos qui comptent pour vous.<\/p>\n<p>\t<a href=\"https:\/\/actu.fr\/newsletter\" class=\"ac-btn ac-btn--corner ac-btn--medium ac-btn--blue800\" target=\"_blank\" rel=\"noopener\">S&rsquo;incrire<\/a><\/p>\n<p class=\" wall-content\"><a href=\"https:\/\/actu.fr\/hauts-de-france\/roubaix_59512\/3-6-renovation-urbaine-au-pile-a-roubaix-verdir-et-dedensifier-les-maitres-mots_63069279.html\" target=\"_blank\" rel=\"noopener\">Notre article sur le quartier du Pile et les travaux<\/a><\/p>\n<p class=\" wall-content\">Un nouveau parc va se construire pour ouvrir le quartier vers le canal.<\/p>\n<p>    <img   decoding=\"async\" loading=\"lazy\" class=\"size-large\" src=\"https:\/\/www.europesays.com\/fr\/wp-content\/uploads\/2025\/08\/578561327ca867b8561327ca85f856v-960x640.jpg\" alt=\"r\u00e9novation urbaine roubaix pile\" width=\"960\" height=\"640\"\/><br \/>\n    Au Pile, la Fabrique des quartiers ach\u00e8te des maisons, les r\u00e9nove pour les louer. \u00a9Anne-Sophie Hourdeaux\/Croix du Nord<\/p>\n<p class=\" wall-content\"><a href=\"https:\/\/actu.fr\/hauts-de-france\/roubaix_59512\/5-6-renovation-urbaine-a-lalma-a-roubaix-le-mur-est-tombe-les-travaux-continuent_63077295.html\" target=\"_blank\" rel=\"noopener\">Notre article sur le quartier de l\u2019Alma avec les travaux<\/a><\/p>\n<p class=\" wall-content\">Une grande place du march\u00e9 sera construite devant le site Blanchemaille, une friche industrielle va devenir le p\u00f4le jeunesse.<\/p>\n<p>    <img   decoding=\"async\" loading=\"lazy\" class=\"size-large\" src=\"https:\/\/www.europesays.com\/fr\/wp-content\/uploads\/2025\/08\/c9a11df484a861ea11df484a832b11v-2-960x640.jpg\" alt=\"r\u00e9novation urbaine alma roubaix ao\u00fbt 2025\" width=\"960\" height=\"640\"\/><br \/>\n    Quartier de l\u2019Alma \u00e0 Roubaix. \u00a9Anne-Sophie Hourdeaux\/Croix du Nord<\/p>\n<p class=\" wall-content\"><a href=\"https:\/\/actu.fr\/hauts-de-france\/roubaix_59512\/6-6-renovation-urbaine-dans-le-quartier-de-lalma-une-fronde-contre-les-demolitions_63087726.html\" target=\"_blank\" rel=\"noopener\">Notre article sur le quartier de l\u2019Alma et le collectif anti d\u00e9molitions<\/a><\/p>\n<p class=\" wall-content\">Mais les opposants existent au projet de r\u00e9novation. La preuve dans le quartier de l\u2019Alma qui a vu un mur se construire pour prot\u00e9ger le chantier\u2009! les habitants expliquent leurs difficult\u00e9s dans ce projet.<\/p>\n<p>    <img   decoding=\"async\" loading=\"lazy\" class=\"size-large\" src=\"https:\/\/www.europesays.com\/fr\/wp-content\/uploads\/2025\/08\/71f972e4c95663b0a72e4c9568f0a7v-1-960x640.jpg\" alt=\"alma mur honte roubaix\" width=\"960\" height=\"640\"\/><br \/>\n    Des opposants existent \u00e0 la r\u00e9novation urbaine. \u00a9Anne-Sophie Hourdeaux\/Croix du Nord<\/p>\n<p class=\" wall-content\">Personnalisez votre actualit\u00e9 en ajoutant vos villes et m\u00e9dias en favori avec <a href=\"https:\/\/moncompte.actu.fr\" title=\"D\u00e9couvez Mon Actu\" rel=\"nofollow noopener\" data-trk=\"{&quot;cta&quot;:{&quot;action&quot;:&quot;https:\\\/\\\/moncompte.actu.fr&quot;,&quot;category&quot;:&quot;mon compte&quot;,&quot;from&quot;:&quot;article footer&quot;,&quot;name&quot;:&quot;Mon actu&quot;,&quot;type&quot;:&quot;cta&quot;}}\" target=\"_blank\">Mon Actu<\/a>.<\/p>\n","protected":false},"excerpt":{"rendered":"Par Anne-Sophie Hourdeaux Publi\u00e9 le 31 ao\u00fbt 2025 \u00e0 16h00 La r\u00e9novation urbaine \u00e0 Roubaix concerne 4 quartiers\u2009:&hellip;\n","protected":false},"author":2,"featured_media":356585,"comment_status":"","ping_status":"","sticky":false,"template":"","format":"standard","meta":{"footnotes":""},"categories":[2815],"tags":[1111,11,1777,674,1011,27,811,1307,12,5765,25,104,2086],"class_list":{"0":"post-356584","1":"post","2":"type-post","3":"status-publish","4":"format-standard","5":"has-post-thumbnail","7":"category-lille","8":"tag-actu","9":"tag-actualites","10":"tag-eu","11":"tag-europe","12":"tag-fr","13":"tag-france","14":"tag-hauts-de-france","15":"tag-lille","16":"tag-news","17":"tag-renovation-urbaine","18":"tag-republique-francaise","19":"tag-societe","20":"tag-travaux"},"share_on_mastodon":{"url":"https:\/\/pubeurope.com\/@fr\/115123976447241687","error":""},"_links":{"self":[{"href":"https:\/\/www.europesays.com\/fr\/wp-json\/wp\/v2\/posts\/356584","targetHints":{"allow":["GET"]}}],"collection":[{"href":"https:\/\/www.europesays.com\/fr\/wp-json\/wp\/v2\/posts"}],"about":[{"href":"https:\/\/www.europesays.com\/fr\/wp-json\/wp\/v2\/types\/post"}],"author":[{"embeddable":true,"href":"https:\/\/www.europesays.com\/fr\/wp-json\/wp\/v2\/users\/2"}],"replies":[{"embeddable":true,"href":"https:\/\/www.europesays.com\/fr\/wp-json\/wp\/v2\/comments?post=356584"}],"version-history":[{"count":0,"href":"https:\/\/www.europesays.com\/fr\/wp-json\/wp\/v2\/posts\/356584\/revisions"}],"wp:featuredmedia":[{"embeddable":true,"href":"https:\/\/www.europesays.com\/fr\/wp-json\/wp\/v2\/media\/356585"}],"wp:attachment":[{"href":"https:\/\/www.europesays.com\/fr\/wp-json\/wp\/v2\/media?parent=356584"}],"wp:term":[{"taxonomy":"category","embeddable":true,"href":"https:\/\/www.europesays.com\/fr\/wp-json\/wp\/v2\/categories?post=356584"},{"taxonomy":"post_tag","embeddable":true,"href":"https:\/\/www.europesays.com\/fr\/wp-json\/wp\/v2\/tags?post=356584"}],"curies":[{"name":"wp","href":"https:\/\/api.w.org\/{rel}","templated":true}]}}