{"id":35660,"date":"2025-04-19T04:56:08","date_gmt":"2025-04-19T04:56:08","guid":{"rendered":"https:\/\/www.europesays.com\/fr\/35660\/"},"modified":"2025-04-19T04:56:08","modified_gmt":"2025-04-19T04:56:08","slug":"les-scanners-peuvent-aussi-etre-cause-de-cancers-mais-les-autorites-publiques-francaises-lignorent-superbement","status":"publish","type":"post","link":"https:\/\/www.europesays.com\/fr\/35660\/","title":{"rendered":"Les scanners peuvent (aussi) \u00eatre cause de cancers mais les autorit\u00e9s publiques fran\u00e7aises l\u2019ignorent superbement"},"content":{"rendered":"<p>CHAUDS LES RAYONS<\/p>\n<p>Une \u00e9tude am\u00e9ricaine relance le d\u00e9bat sur les risques li\u00e9s \u00e0 la multiplication des scanners m\u00e9dicaux : jusqu\u2019\u00e0 5 % des cancers pourraient \u00eatre li\u00e9s \u00e0 ces examens, en raison des rayonnements ionisants qu\u2019ils \u00e9mettent. Alors que la France reste l\u2019un des pays europ\u00e9ens les plus friands de tomodensitom\u00e9trie, faut-il revoir nos pratiques ? Entre b\u00e9n\u00e9fices indiscutables pour le diagnostic et danger sous-estim\u00e9, les autorit\u00e9s sanitaires sont face \u00e0 un choix crucial : \u00e9clairer\u2026 sans surexposer.<\/p>\n","protected":false},"excerpt":{"rendered":"CHAUDS LES RAYONS Une \u00e9tude am\u00e9ricaine relance le d\u00e9bat sur les risques li\u00e9s \u00e0 la multiplication des scanners&hellip;\n","protected":false},"author":2,"featured_media":35661,"comment_status":"","ping_status":"","sticky":false,"template":"","format":"standard","meta":{"footnotes":""},"categories":[10],"tags":[101,1011,27,72,11561,224,11562,71,11070],"class_list":{"0":"post-35660","1":"post","2":"type-post","3":"status-publish","4":"format-standard","5":"has-post-thumbnail","7":"category-sante","8":"tag-cancer","9":"tag-fr","10":"tag-france","11":"tag-health","12":"tag-irm","13":"tag-medecine","14":"tag-rayons","15":"tag-sante","16":"tag-scanner"},"share_on_mastodon":{"url":"","error":""},"_links":{"self":[{"href":"https:\/\/www.europesays.com\/fr\/wp-json\/wp\/v2\/posts\/35660","targetHints":{"allow":["GET"]}}],"collection":[{"href":"https:\/\/www.europesays.com\/fr\/wp-json\/wp\/v2\/posts"}],"about":[{"href":"https:\/\/www.europesays.com\/fr\/wp-json\/wp\/v2\/types\/post"}],"author":[{"embeddable":true,"href":"https:\/\/www.europesays.com\/fr\/wp-json\/wp\/v2\/users\/2"}],"replies":[{"embeddable":true,"href":"https:\/\/www.europesays.com\/fr\/wp-json\/wp\/v2\/comments?post=35660"}],"version-history":[{"count":0,"href":"https:\/\/www.europesays.com\/fr\/wp-json\/wp\/v2\/posts\/35660\/revisions"}],"wp:featuredmedia":[{"embeddable":true,"href":"https:\/\/www.europesays.com\/fr\/wp-json\/wp\/v2\/media\/35661"}],"wp:attachment":[{"href":"https:\/\/www.europesays.com\/fr\/wp-json\/wp\/v2\/media?parent=35660"}],"wp:term":[{"taxonomy":"category","embeddable":true,"href":"https:\/\/www.europesays.com\/fr\/wp-json\/wp\/v2\/categories?post=35660"},{"taxonomy":"post_tag","embeddable":true,"href":"https:\/\/www.europesays.com\/fr\/wp-json\/wp\/v2\/tags?post=35660"}],"curies":[{"name":"wp","href":"https:\/\/api.w.org\/{rel}","templated":true}]}}