{"id":356601,"date":"2025-08-31T15:13:13","date_gmt":"2025-08-31T15:13:13","guid":{"rendered":"https:\/\/www.europesays.com\/fr\/356601\/"},"modified":"2025-08-31T15:13:13","modified_gmt":"2025-08-31T15:13:13","slug":"un-detenu-meurt-dans-lincendie-de-sa-cellule-de-prison-a-paris","status":"publish","type":"post","link":"https:\/\/www.europesays.com\/fr\/356601\/","title":{"rendered":"Un d\u00e9tenu meurt dans l&rsquo;incendie de sa cellule de prison \u00e0 Paris"},"content":{"rendered":"<p class=\"mb-4 text-lg md:leading-8 break-words\">Un d\u00e9tenu, qui souffrait de <a data-i13n=\"cpos:1;pos:1\" href=\"https:\/\/fr.news.yahoo.com\/sant%C3%A9-mentale-jeunes-r%C3%A9f%C3%A9rents-%C3%A9tablissements-180043443.html\" data-ylk=\"slk:troubles psychiatriques,;cpos:1;pos:1;elm:context_link;itc:0;sec:content-canvas;outcm:mb_qualified_link;_E:mb_qualified_link;ct:story;\" class=\"link  yahoo-link\" target=\"_blank\" rel=\"noopener\">troubles psychiatriques,<\/a> est mort dans l&rsquo;incendie de sa cellule \u00e0 la prison de la Sant\u00e9 \u00e0 Paris, dans la nuit de ce samedi 30 ao\u00fbt au dimanche 31 ao\u00fbt, a indiqu\u00e9 \u00e0 l&rsquo;AFP le parquet, confirmant <a data-i13n=\"cpos:2;pos:1\" href=\"https:\/\/www.leparisien.fr\/faits-divers\/paris-un-detenu-de-la-prison-de-la-sante-retrouve-carbonise-dans-sa-cellule-31-08-2025-LCL4K3SFGZCLRNWTX7KGA66FDI.php\" rel=\"nofollow noopener\" target=\"_blank\" data-ylk=\"slk:une information du Parisien;cpos:2;pos:1;elm:context_link;itc:0;sec:content-canvas\" class=\"link \">une information du Parisien<\/a>.<\/p>\n<p class=\"mb-4 text-lg md:leading-8 break-words\">\u00ab\u00a0Visiblement, c&rsquo;est une personne d\u00e9tenue qui a mis le feu \u00e0 sa cellule\u00a0\u00bb, a expliqu\u00e9 l&rsquo;administration p\u00e9nitentiaire, en pr\u00e9cisant que cet homme \u00e9tait seul dans celle-ci. \u00c2g\u00e9 de 40 ans et condamn\u00e9 \u00e0 une peine correctionnelle, il \u00e9tait lib\u00e9rable le 22 octobre, a-t-elle ajout\u00e9. Le parquet a expliqu\u00e9 avoir ouvert une \u00ab\u00a0enqu\u00eate en recherche des causes de la mort\u00a0\u00bb.<\/p>\n<p class=\"mb-4 text-lg md:leading-8 break-words\">Le feu a \u00e9t\u00e9 ma\u00eetris\u00e9 apr\u00e8s l&rsquo;intervention des pompiers. Ces derniers ont fait \u00e9tat de la mobilisation d&rsquo;une quinzaine d&rsquo;engins et d&rsquo;une soixantaine de pompiers, \u00ab\u00a0aux environs de 6 heures\u00a0\u00bb dimanche matin.<\/p>\n<p>Quatre d\u00e9tenus transf\u00e9r\u00e9s \u00e0 l&rsquo;h\u00f4pital pour des examens respiratoires<\/p>\n<p class=\"mb-4 text-lg md:leading-8 break-words\">Les \u00e9quipes r\u00e9gionales d&rsquo;intervention et de s\u00e9curit\u00e9 (Eris) de l&rsquo;administration p\u00e9nitentiaire ont \u00e9t\u00e9 d\u00e9ploy\u00e9es sur le site pour s\u00e9curiser l&rsquo;\u00e9tablissement, le temps de l&rsquo;intervention des pompiers.<\/p>\n<p class=\"mb-4 text-lg md:leading-8 break-words\">Conform\u00e9ment au protocole, les d\u00e9tenus des coursives avoisinantes ont \u00e9t\u00e9 \u00e9vacu\u00e9s pour les prot\u00e9ger des fum\u00e9es toxiques: \u00ab\u00a0une centaine de d\u00e9tenus a \u00e9t\u00e9 plac\u00e9e dans la cour de promenade d&rsquo;un autre b\u00e2timent puis r\u00e9int\u00e9gr\u00e9s\u00a0\u00bb, a pr\u00e9cis\u00e9 l&rsquo;administration p\u00e9nitentiaire.<\/p>\n<p class=\"mb-4 text-lg md:leading-8 break-words\">Quatre d\u00e9tenus ont \u00e9t\u00e9 transf\u00e9r\u00e9s \u00e0 l&rsquo;h\u00f4pital pour des examens respiratoires, \u00e0 la suite de l&rsquo;inhalation de fum\u00e9es. Aucun agent p\u00e9nitentiaire n&rsquo;a \u00e9t\u00e9 bless\u00e9. Toujours selon l&rsquo;administration p\u00e9nitentiaire, \u00ab\u00a0seule la cellule touch\u00e9e serait d\u00e9truite\u00a0\u00bb.<\/p>\n<p class=\"mb-4 text-lg md:leading-8 break-words\">Au 1er ao\u00fbt, selon les statistiques du minist\u00e8re de la Justice, la prison de la Sant\u00e9, situ\u00e9e dans le 14e arrondissement de Paris, affichait une surpopulation carc\u00e9rale de 189,2%. Elle comptait alors 1 243 d\u00e9tenus pour 657 places.<\/p>\n<p class=\"mb-4 text-lg md:leading-8 break-words\"><a data-i13n=\"cpos:3;pos:1\" href=\"https:\/\/www.bfmtv.com\/police-justice\/faits-divers\/un-detenu-meurt-dans-l-incendie-de-sa-cellule-de-prison-a-paris_AD-202508310228.html#xtor=AL-68\" rel=\"nofollow noopener\" target=\"_blank\" data-ylk=\"slk:Article original publi\u00e9 sur BFMTV.com;cpos:3;pos:1;elm:context_link;itc:0;sec:content-canvas\" class=\"link \">Article original publi\u00e9 sur BFMTV.com<\/a><\/p>\n","protected":false},"excerpt":{"rendered":"Un d\u00e9tenu, qui souffrait de troubles psychiatriques, est mort dans l&rsquo;incendie de sa cellule \u00e0 la prison de&hellip;\n","protected":false},"author":2,"featured_media":356602,"comment_status":"","ping_status":"","sticky":false,"template":"","format":"standard","meta":{"footnotes":""},"categories":[1888],"tags":[41990,1111,1928,11,1927,10979,9625,1777,674,1011,27,9149,12,1926,626,1925,45344,25],"class_list":{"0":"post-356601","1":"post","2":"type-post","3":"status-publish","4":"format-standard","5":"has-post-thumbnail","7":"category-paris","8":"tag-14e-arrondissement-de-paris","9":"tag-actu","10":"tag-actu-paris","11":"tag-actualites","12":"tag-actualites-paris","13":"tag-cellule","14":"tag-detenu","15":"tag-eu","16":"tag-europe","17":"tag-fr","18":"tag-france","19":"tag-ministere-de-la-justice","20":"tag-news","21":"tag-news-paris","22":"tag-paris","23":"tag-paris-news","24":"tag-prison-de-la-sante","25":"tag-republique-francaise"},"share_on_mastodon":{"url":"https:\/\/pubeurope.com\/@fr\/115124030902030607","error":""},"_links":{"self":[{"href":"https:\/\/www.europesays.com\/fr\/wp-json\/wp\/v2\/posts\/356601","targetHints":{"allow":["GET"]}}],"collection":[{"href":"https:\/\/www.europesays.com\/fr\/wp-json\/wp\/v2\/posts"}],"about":[{"href":"https:\/\/www.europesays.com\/fr\/wp-json\/wp\/v2\/types\/post"}],"author":[{"embeddable":true,"href":"https:\/\/www.europesays.com\/fr\/wp-json\/wp\/v2\/users\/2"}],"replies":[{"embeddable":true,"href":"https:\/\/www.europesays.com\/fr\/wp-json\/wp\/v2\/comments?post=356601"}],"version-history":[{"count":0,"href":"https:\/\/www.europesays.com\/fr\/wp-json\/wp\/v2\/posts\/356601\/revisions"}],"wp:featuredmedia":[{"embeddable":true,"href":"https:\/\/www.europesays.com\/fr\/wp-json\/wp\/v2\/media\/356602"}],"wp:attachment":[{"href":"https:\/\/www.europesays.com\/fr\/wp-json\/wp\/v2\/media?parent=356601"}],"wp:term":[{"taxonomy":"category","embeddable":true,"href":"https:\/\/www.europesays.com\/fr\/wp-json\/wp\/v2\/categories?post=356601"},{"taxonomy":"post_tag","embeddable":true,"href":"https:\/\/www.europesays.com\/fr\/wp-json\/wp\/v2\/tags?post=356601"}],"curies":[{"name":"wp","href":"https:\/\/api.w.org\/{rel}","templated":true}]}}