{"id":356603,"date":"2025-08-31T15:14:10","date_gmt":"2025-08-31T15:14:10","guid":{"rendered":"https:\/\/www.europesays.com\/fr\/356603\/"},"modified":"2025-08-31T15:14:10","modified_gmt":"2025-08-31T15:14:10","slug":"jean-luc-melenchon-appelle-le-ps-a-reagir-apres-les-propos-de-la-candidate-socialiste-a-la-legislative-partielle-a-paris","status":"publish","type":"post","link":"https:\/\/www.europesays.com\/fr\/356603\/","title":{"rendered":"Jean-Luc M\u00e9lenchon appelle le PS \u00e0 \u00ab\u00a0r\u00e9agir\u00a0\u00bb apr\u00e8s les propos de la candidate socialiste \u00e0 la l\u00e9gislative partielle \u00e0 Paris"},"content":{"rendered":"<p>                          <img loading=\"lazy\" decoding=\"async\" src=\"https:\/\/www.europesays.com\/fr\/wp-content\/uploads\/2025\/08\/27f70fb_ftp-import-images-1-6mr7kd73f8i1-2025-06-09t173922z-276314961-rc25zea4wpuu-rtrmadp-3-israel-.jpeg\" alt=\"Jean-Luc M\u00e9lenchon, le leader de La France insoumise, manifeste contre l\u2019arraisonnement du bateau humanitaire \u00ab\u00a0Madleen\u00a0\u00bb par l\u2019arm\u00e9e isra\u00e9lienne, \u00e0 Paris, le 9\u00a0juin 2025.\"   width=\"664\" height=\"443\"\/>    Jean-Luc M\u00e9lenchon, le leader de La France insoumise, manifeste contre l\u2019arraisonnement du bateau humanitaire \u00ab\u00a0Madleen\u00a0\u00bb par l\u2019arm\u00e9e isra\u00e9lienne, \u00e0 Paris, le 9\u00a0juin 2025.  SARAH MEYSSONNIER \/ REUTERS                        <\/p>\n<p class=\"article__paragraph  \">Fr\u00e9d\u00e9rique Bredin, candidate socialiste \u00e0 la l\u00e9gislative partielle dans la 2e circonscription de Paris, a qualifi\u00e9, dimanche, La France insoumise (LFI), avec l\u2019extr\u00eame droite, de \u00ab\u00a0grands dangers\u00a0\u00bb, Jean-Luc M\u00e9lenchon appelant en r\u00e9ponse le Parti socialiste (PS) \u00e0 \u00ab\u00a0r\u00e9agir\u00a0\u00bb \u00e0 une \u00ab\u00a0discrimination injurieuse\u00a0\u00bb.<\/p>\n<p class=\"article__paragraph  \">\u00ab\u00a0Que ce soit l\u2019extr\u00eame droite ou l\u2019extr\u00eame gauche au sens \u201cinsoumis\u201d, (\u2026) je n\u2019en veux pas\u00a0\u00bb, a d\u00e9clar\u00e9 l\u2019ancienne ministre des sports de Fran\u00e7ois Mitterrand au micro de Radio J, estimant que si ces camps politiques n\u2019ont \u00ab\u00a0pas exactement les m\u00eames valeurs\u00a0\u00bb, ils sont de \u00ab\u00a0grands dangers l\u2019un et l\u2019autre\u00a0\u00bb.<\/p>\n<p class=\"article__paragraph  \">\u00ab\u00a0En cas de dissolution, les \u201cinsoumis\u201d ne seront pas des alli\u00e9s\u00a0\u00bb, a encore d\u00e9clar\u00e9 la candidate au cours de son interview, ajoutant souhaiter \u00ab\u00a0qu\u2019on lutte contre tous les extr\u00eames\u00a0\u00bb. \u00ab\u00a0Il faut une gauche sociale-d\u00e9mocrate, progressiste, humaniste, qui ne soit ni l\u2019extr\u00eame gauche pro-Poutine, antis\u00e9mite, ni l\u2019extr\u00eame droite pro-Poutine aussi\u00a0\u00bb, a-t-elle ajout\u00e9.<\/p>\n<p class=\"article__paragraph  \">\u00ab\u00a0Une revenante du PS, candidate \u00e0 Paris, va \u00e0 Radio J insulter LFI\u00a0\u00bb, a d\u00e9plor\u00e9 le leader \u00ab\u00a0insoumis\u00a0\u00bb sur X, ajoutant\u00a0: \u00ab\u00a0Le PS doit r\u00e9agir. Cette discrimination injurieuse rendrait impossible toute unit\u00e9 d\u2019action ou de vote contre le RN [Rassemblement national].\u00a0\u00bb<\/p>\n<p>                                     Lire aussi |  <a href=\"https:\/\/www.lemonde.fr\/politique\/article\/2025\/08\/30\/budget-2026-francois-ruffin-appelle-a-demander-de-faire-les-efforts-a-ceux-qui-ont-les-poches-pleines_6637556_823448.html\" class=\"js-article-read-also catcher--favoris__link\" data-premium=\"\" id=\"article-title-3436024\" rel=\"nofollow noopener\" target=\"_blank\">Budget 2026\u00a0: Fran\u00e7ois Ruffin appelle \u00e0 \u00ab\u00a0demander de faire les efforts \u00e0 ceux qui ont les poches pleines\u00a0\u00bb<\/a>    <\/p>\n<p>   Lire plus tard  <\/p>\n<p>                        Pas de candidat LFI                  <\/p>\n<p class=\"article__paragraph  \">\u00ab\u00a0Olivier Faure [premier secr\u00e9taire du PS] condamnera-t-il cette prise de position absolument inacceptable de sa candidate\u00a0? Ou assimiler La France insoumise \u00e0 l\u2019extr\u00eame droite est d\u00e9sormais la ligne officielle du Parti socialiste\u00a0?\u00a0\u00bb, s\u2019est aussi insurg\u00e9 sur X le coordinateur national de LFI, Manuel Bompard.<\/p>\n<p class=\"article__paragraph  \">LFI avait annonc\u00e9 vendredi 29\u00a0ao\u00fbt dans un communiqu\u00e9 qu\u2019elle ne pr\u00e9senterait pas de candidature dans cette circonscription, \u00ab\u00a0comme pr\u00e9vu par l\u2019accord du NFP [Nouveau Front populaire] de 2024\u00a0\u00bb. Mme\u00a0Bredin est candidate avec l\u2019investiture du PS et le soutien des Ecologistes.<\/p>\n<p class=\"article__paragraph  \">Lors de ce scrutin dont le premier tour est pr\u00e9vu le 21\u00a0septembre et un \u00e9ventuel second tour le 28, elle affrontera notamment l\u2019ancien premier ministre Michel Barnier (Les R\u00e9publicains, LR), dont le chemin s\u2019est d\u00e9gag\u00e9 jeudi <a href=\"https:\/\/www.lemonde.fr\/politique\/article\/2025\/08\/28\/municipales-a-paris-rachida-dati-officiellement-investie-par-lr-michel-barnier-seul-candidat-du-parti-a-la-legislative-partielle_6636987_823448.html\" rel=\"nofollow noopener\" target=\"_blank\">avec le retrait de sa concurrente au sein du parti, Rachida Dati<\/a>. La ministre de la culture a obtenu en \u00e9change d\u2019\u00eatre investie par LR dans la campagne pour l\u2019H\u00f4tel de ville de Paris en mars\u00a02026.<\/p>\n<p class=\"article__paragraph  \">Jean Laussucq, ancien collaborateur de Mme\u00a0Dati, avait remport\u00e9 en juillet\u00a02024 la 2e circonscription de la capitale, \u00e0 cheval sur les 5e, 6e et 7e arrondissements. Il si\u00e9geait au sein du groupe Renaissance avant de voir son \u00e9lection invalid\u00e9e par le Conseil constitutionnel le 11\u00a0juillet pour irr\u00e9gularit\u00e9s dans ses comptes de campagne.<\/p>\n<p class=\"author__detail\">  Le Monde avec AFP  <\/p>\n<p>                  <a href=\"https:\/\/www.lemonde.fr\/syndication\/\" class=\"reuse__content\" title=\"R\u00e9utiliser ce contenu\" target=\"_blank\" rel=\"nofollow noopener\">R\u00e9utiliser ce contenu<\/a>      <\/p>\n","protected":false},"excerpt":{"rendered":"Jean-Luc M\u00e9lenchon, le leader de La France insoumise, manifeste contre l\u2019arraisonnement du bateau humanitaire \u00ab\u00a0Madleen\u00a0\u00bb par l\u2019arm\u00e9e isra\u00e9lienne,&hellip;\n","protected":false},"author":2,"featured_media":356604,"comment_status":"","ping_status":"","sticky":false,"template":"","format":"standard","meta":{"footnotes":""},"categories":[1888],"tags":[11,1777,674,1011,27,12,626,25],"class_list":{"0":"post-356603","1":"post","2":"type-post","3":"status-publish","4":"format-standard","5":"has-post-thumbnail","7":"category-paris","8":"tag-actualites","9":"tag-eu","10":"tag-europe","11":"tag-fr","12":"tag-france","13":"tag-news","14":"tag-paris","15":"tag-republique-francaise"},"share_on_mastodon":{"url":"https:\/\/pubeurope.com\/@fr\/115124035019643804","error":""},"_links":{"self":[{"href":"https:\/\/www.europesays.com\/fr\/wp-json\/wp\/v2\/posts\/356603","targetHints":{"allow":["GET"]}}],"collection":[{"href":"https:\/\/www.europesays.com\/fr\/wp-json\/wp\/v2\/posts"}],"about":[{"href":"https:\/\/www.europesays.com\/fr\/wp-json\/wp\/v2\/types\/post"}],"author":[{"embeddable":true,"href":"https:\/\/www.europesays.com\/fr\/wp-json\/wp\/v2\/users\/2"}],"replies":[{"embeddable":true,"href":"https:\/\/www.europesays.com\/fr\/wp-json\/wp\/v2\/comments?post=356603"}],"version-history":[{"count":0,"href":"https:\/\/www.europesays.com\/fr\/wp-json\/wp\/v2\/posts\/356603\/revisions"}],"wp:featuredmedia":[{"embeddable":true,"href":"https:\/\/www.europesays.com\/fr\/wp-json\/wp\/v2\/media\/356604"}],"wp:attachment":[{"href":"https:\/\/www.europesays.com\/fr\/wp-json\/wp\/v2\/media?parent=356603"}],"wp:term":[{"taxonomy":"category","embeddable":true,"href":"https:\/\/www.europesays.com\/fr\/wp-json\/wp\/v2\/categories?post=356603"},{"taxonomy":"post_tag","embeddable":true,"href":"https:\/\/www.europesays.com\/fr\/wp-json\/wp\/v2\/tags?post=356603"}],"curies":[{"name":"wp","href":"https:\/\/api.w.org\/{rel}","templated":true}]}}