{"id":356605,"date":"2025-08-31T15:15:11","date_gmt":"2025-08-31T15:15:11","guid":{"rendered":"https:\/\/www.europesays.com\/fr\/356605\/"},"modified":"2025-08-31T15:15:11","modified_gmt":"2025-08-31T15:15:11","slug":"mercato-paris-fc-jonathan-ikone-tout-proche-de-signer","status":"publish","type":"post","link":"https:\/\/www.europesays.com\/fr\/356605\/","title":{"rendered":"Mercato Paris FC\u00a0: Jonathan Ikon\u00e9 tout proche de signer"},"content":{"rendered":"<p class=\"paragraph text_align_left lp-f-body-02\">Apr\u00e8s Pierre Lees-Melou et Hamari Traor\u00e9, <a href=\"https:\/\/www.leparisien.fr\/sports\/football\/paris-fc\/\" target=\"_self\" rel=\"nofollow noopener\">le Paris FC <\/a>va de nouveau frapper fort d\u2019ici la fermeture du mercato, lundi 1er septembre \u00e0 20 heures. Selon Sky Italia, une information que nous sommes en mesure de confirmer, Jonathan Ikon\u00e9 devrait arriver dans les prochaines heures \u00e0 Paris pour passer sa visite m\u00e9dicale et signer son contrat.<\/p>\n<p class=\"paragraph text_align_left lp-f-body-02\"> En janvier dernier, le Paris FC avait d\u00e9j\u00e0 voulu faire signer l\u2019attaquant international fran\u00e7ais (4 s\u00e9lections, 1 but) de 27 ans. Maxime Lopez avait m\u00eame jou\u00e9 les interm\u00e9diaires pour faire venir son ancien co\u00e9quipier de la Fiorentina. Mais Ikon\u00e9 \u00e9tait rest\u00e9 en s\u00e9rie A, en pr\u00eat \u00e0 C\u00f4me.<\/p>\n<p class=\"paragraph text_align_left lp-f-body-02\">S\u2019il \u00e9tait proche de Southampton ces derniers jours, cette fois, \u00e7a devrait \u00eatre la bonne. Apr\u00e8s avoir quitt\u00e9 Lille en 2022 pour la Fiorentina (138 matchs, 16 buts), Ikon\u00e9 va retrouver la<a href=\"https:\/\/www.leparisien.fr\/sports\/football\/ligue-1\/\" target=\"_blank\" rel=\"noreferrer nofollow noopener\"> Ligue 1 <\/a>et la r\u00e9gion parisienne. Il a en effet grandi et d\u00e9but\u00e9 \u00e0 Bondy et a \u00e9t\u00e9 form\u00e9 au <a href=\"https:\/\/www.leparisien.fr\/sports\/football\/psg\/\" target=\"_blank\" rel=\"noreferrer nofollow noopener\">PSG<\/a>.<\/p>\n","protected":false},"excerpt":{"rendered":"Apr\u00e8s Pierre Lees-Melou et Hamari Traor\u00e9, le Paris FC va de nouveau frapper fort d\u2019ici la fermeture du&hellip;\n","protected":false},"author":2,"featured_media":356606,"comment_status":"","ping_status":"","sticky":false,"template":"","format":"standard","meta":{"footnotes":""},"categories":[1888],"tags":[11,1777,674,63,1011,27,66,12,626,25,60],"class_list":{"0":"post-356605","1":"post","2":"type-post","3":"status-publish","4":"format-standard","5":"has-post-thumbnail","7":"category-paris","8":"tag-actualites","9":"tag-eu","10":"tag-europe","11":"tag-football","12":"tag-fr","13":"tag-france","14":"tag-ligue-1","15":"tag-news","16":"tag-paris","17":"tag-republique-francaise","18":"tag-sports"},"share_on_mastodon":{"url":"https:\/\/pubeurope.com\/@fr\/115124038849629849","error":""},"_links":{"self":[{"href":"https:\/\/www.europesays.com\/fr\/wp-json\/wp\/v2\/posts\/356605","targetHints":{"allow":["GET"]}}],"collection":[{"href":"https:\/\/www.europesays.com\/fr\/wp-json\/wp\/v2\/posts"}],"about":[{"href":"https:\/\/www.europesays.com\/fr\/wp-json\/wp\/v2\/types\/post"}],"author":[{"embeddable":true,"href":"https:\/\/www.europesays.com\/fr\/wp-json\/wp\/v2\/users\/2"}],"replies":[{"embeddable":true,"href":"https:\/\/www.europesays.com\/fr\/wp-json\/wp\/v2\/comments?post=356605"}],"version-history":[{"count":0,"href":"https:\/\/www.europesays.com\/fr\/wp-json\/wp\/v2\/posts\/356605\/revisions"}],"wp:featuredmedia":[{"embeddable":true,"href":"https:\/\/www.europesays.com\/fr\/wp-json\/wp\/v2\/media\/356606"}],"wp:attachment":[{"href":"https:\/\/www.europesays.com\/fr\/wp-json\/wp\/v2\/media?parent=356605"}],"wp:term":[{"taxonomy":"category","embeddable":true,"href":"https:\/\/www.europesays.com\/fr\/wp-json\/wp\/v2\/categories?post=356605"},{"taxonomy":"post_tag","embeddable":true,"href":"https:\/\/www.europesays.com\/fr\/wp-json\/wp\/v2\/tags?post=356605"}],"curies":[{"name":"wp","href":"https:\/\/api.w.org\/{rel}","templated":true}]}}