{"id":356611,"date":"2025-08-31T15:18:11","date_gmt":"2025-08-31T15:18:11","guid":{"rendered":"https:\/\/www.europesays.com\/fr\/356611\/"},"modified":"2025-08-31T15:18:11","modified_gmt":"2025-08-31T15:18:11","slug":"une-audition-cle-au-senat-americain-pour-evaluer-lavenir-des-relations-bilaterales","status":"publish","type":"post","link":"https:\/\/www.europesays.com\/fr\/356611\/","title":{"rendered":"une audition cl\u00e9 au S\u00e9nat am\u00e9ricain pour \u00e9valuer l\u2019avenir des relations bilat\u00e9rales"},"content":{"rendered":"<p><strong>Alors que <a href=\"https:\/\/www.leconomistemaghrebin.com\/2025\/01\/17\/joey-hood-renforce-le-partenariat-usa-tunisie-a-tataouine-et-medenine\/\" rel=\"nofollow noopener\" target=\"_blank\">Joey Hood<\/a>, ambassadeur am\u00e9ricain \u00e0 Tunis, s\u2019appr\u00eate \u00e0 conclure sa mission, la r\u00e9cente visite d\u2019une d\u00e9l\u00e9gation s\u00e9natoriale am\u00e9ricaine en Tunisie,refl\u00e8te une communication officielle prudente et distante.<\/strong><\/p>\n<p>Elyes Kasri, l\u2019analyste politique revient sur la v\u00e9ritable \u00e9valuation de la situation tunisienne et des perspectives de coop\u00e9ration avec Washington qui se d\u00e9roulera mercredi 3 septembre lors de l\u2019audition au S\u00e9nat am\u00e9ricain de Bill Bazzi, propos\u00e9 par Donald Trump comme futur ambassadeur des \u00c9tats-Unis en Tunisie. Selon lui, ce rendez-vous sera crucial pour mesurer le regard des cercles d\u2019influence am\u00e9ricains sur Tunis.<\/p>\n<p>Vous trouverez ci dessous le post de l\u2019analyste politique Elyes Kasri:<\/p>\n<p>\u00ab\u00a0Au del\u00e0 des propos diplomatiques du c\u00f4t\u00e9 am\u00e9ricain notamment l\u2019ambassade \u00e0 Tunis dont le titulaire Joey Hood s\u2019appr\u00eate \u00e0 conclure sa mission en Tunisie que du c\u00f4t\u00e9 tunisien avec un message classique et aseptis\u00e9 au sujet de la r\u00e9cente rencontre du responsable de la diplomatie tunisienne avec la d\u00e9l\u00e9gation s\u00e9natoriale am\u00e9ricaine qui, fait marquant, n\u2019a pas \u00e9t\u00e9 re\u00e7ue par le pr\u00e9sident de la r\u00e9publique, la v\u00e9ritable appr\u00e9ciation de la situation en Tunisie et des perspectives de d\u00e9veloppement des relations tuniso-am\u00e9ricaines seront d\u00e9battues le mercredi 3 septembre au s\u00e9nat \u00e0 Washington lors de l\u2019audition de confirmation par le s\u00e9nat am\u00e9ricain de la nomination par le pr\u00e9sident Donald Trump de <a href=\"https:\/\/en.wikipedia.org\/wiki\/Bill_Bazzi\" rel=\"nofollow noopener\" target=\"_blank\">Bill Bazzi<\/a> en qualit\u00e9 d\u2019Ambassadeur des Etats-Unis d\u2019Am\u00e9rique en Tunisie.<br \/>Cette audition sera une importante occasion pour jauger le sentiment des diff\u00e9rents cercles d\u2019influence et de pouvoir aux Etats-Unis au sujet de la Tunisie et de l\u2019importance et de l\u2019efficacit\u00e9 du travail de communication et de lobbying fait par les autorit\u00e9s tunisiennes et leurs amis et agents aupr\u00e8s des faiseurs d\u2019opinion et d\u00e9cideurs am\u00e9ricains.\u00a0\u00bb<\/p>\n","protected":false},"excerpt":{"rendered":"Alors que Joey Hood, ambassadeur am\u00e9ricain \u00e0 Tunis, s\u2019appr\u00eate \u00e0 conclure sa mission, la r\u00e9cente visite d\u2019une d\u00e9l\u00e9gation&hellip;\n","protected":false},"author":2,"featured_media":329410,"comment_status":"","ping_status":"","sticky":false,"template":"","format":"standard","meta":{"footnotes":""},"categories":[1589],"tags":[11,73,1866,12,1864,1865,1863,308],"class_list":{"0":"post-356611","1":"post","2":"type-post","3":"status-publish","4":"format-standard","5":"has-post-thumbnail","7":"category-etats-unis","8":"tag-actualites","9":"tag-etats-unis","10":"tag-etats-unis-damerique","11":"tag-news","12":"tag-united-states","13":"tag-united-states-of-america","14":"tag-us","15":"tag-usa"},"share_on_mastodon":{"url":"https:\/\/pubeurope.com\/@fr\/115124050480271851","error":""},"_links":{"self":[{"href":"https:\/\/www.europesays.com\/fr\/wp-json\/wp\/v2\/posts\/356611","targetHints":{"allow":["GET"]}}],"collection":[{"href":"https:\/\/www.europesays.com\/fr\/wp-json\/wp\/v2\/posts"}],"about":[{"href":"https:\/\/www.europesays.com\/fr\/wp-json\/wp\/v2\/types\/post"}],"author":[{"embeddable":true,"href":"https:\/\/www.europesays.com\/fr\/wp-json\/wp\/v2\/users\/2"}],"replies":[{"embeddable":true,"href":"https:\/\/www.europesays.com\/fr\/wp-json\/wp\/v2\/comments?post=356611"}],"version-history":[{"count":0,"href":"https:\/\/www.europesays.com\/fr\/wp-json\/wp\/v2\/posts\/356611\/revisions"}],"wp:featuredmedia":[{"embeddable":true,"href":"https:\/\/www.europesays.com\/fr\/wp-json\/wp\/v2\/media\/329410"}],"wp:attachment":[{"href":"https:\/\/www.europesays.com\/fr\/wp-json\/wp\/v2\/media?parent=356611"}],"wp:term":[{"taxonomy":"category","embeddable":true,"href":"https:\/\/www.europesays.com\/fr\/wp-json\/wp\/v2\/categories?post=356611"},{"taxonomy":"post_tag","embeddable":true,"href":"https:\/\/www.europesays.com\/fr\/wp-json\/wp\/v2\/tags?post=356611"}],"curies":[{"name":"wp","href":"https:\/\/api.w.org\/{rel}","templated":true}]}}