{"id":356614,"date":"2025-08-31T15:20:16","date_gmt":"2025-08-31T15:20:16","guid":{"rendered":"https:\/\/www.europesays.com\/fr\/356614\/"},"modified":"2025-08-31T15:20:16","modified_gmt":"2025-08-31T15:20:16","slug":"merz-exclut-toute-hausse-dimpots-malgre-les-tensions-budgetaires","status":"publish","type":"post","link":"https:\/\/www.europesays.com\/fr\/356614\/","title":{"rendered":"Merz exclut toute hausse d&rsquo;imp\u00f4ts malgr\u00e9 les tensions budg\u00e9taires"},"content":{"rendered":"<p class=\"fig-paragraph\">Le chancelier allemand Friedrich Merz a ferm\u00e9 dimanche la porte \u00e0 toute hausse d&rsquo;imp\u00f4ts, malgr\u00e9 un\u00a0<a href=\"http:\/\/www.lefigaro.fr\/conjoncture\/en-allemagne-aussi-le-budget-vire-au-casse-tete-20240910\" data-fig-type=\"Article\" data-gtm-custom-categorie=\"navigation\" data-gtm-custom-action=\"crossclick\" data-gtm-custom-label=\"Contextuel\" data-gtm-event=\"customEventSPE\" data-fig-domain=\"LEFIGARO\" rel=\"nofollow noopener\" target=\"_blank\">d\u00e9ficit budg\u00e9taire<\/a>\u00a0qui se creuse et les appels du partenaire social-d\u00e9mocrate \u00e0 davantage de recettes fiscales.<\/p>\n<p class=\"fig-paragraph\">\u00abNous avons un contrat de coalition et nous y avons convenu que les imp\u00f4ts ne seraient pas augment\u00e9s\u00bb, a d\u00e9clar\u00e9 le dirigeant conservateur lors d&rsquo;une interview donn\u00e9e \u00e0 la cha\u00eene publique ZDF. \u00abEt ce contrat de coalition s&rsquo;applique\u00bb, a-t-il insist\u00e9. Ni lui, ni le chef du parti alli\u00e9 bavarois (CSU), Markus S\u00f6der, \u00abn&rsquo;auraient sign\u00e9 un contrat incluant de nouvelles charges fiscales\u00bb, a-t-il martel\u00e9.<\/p>\n<p>                                    <a class=\"fig-a11y-skip a11y-hidden\" href=\"#fig-a11y-skip-main-inarticle\"><br \/>\n        Passer la publicit\u00e9<br \/>\n    <\/a><\/p>\n<p class=\"fig-paragraph\">Cette prise de position intervient apr\u00e8s qu&rsquo;au sein de la coalition \u00e0 Berlin, le ministre des Finances et vice-chancelier, Lars Klingbeil, du parti social d\u00e9mocrate (SPD), a r\u00e9cemment laiss\u00e9 entendre que des hausses d&rsquo;imp\u00f4ts pour les hauts revenus pourraient \u00eatre n\u00e9cessaires pour combler une faille budg\u00e9taire estim\u00e9e \u00e0 30 milliards d&rsquo;euros d\u00e8s 2027. \u00abQue le SPD ait d&rsquo;autres points de vue\u00bb sur la question fiscale est \u00abtout aussi l\u00e9gitime que le fait que nous ayons nos propres positions sur d&rsquo;autres sujet\u00bb, a ajout\u00e9 Friedrich Merz, qui a en m\u00eame temps ni\u00e9 un \u00abclash\u00bb au sein de la coalition.<\/p>\n<p class=\"fig-paragraph\">Markus S\u00f6der est all\u00e9 plus loin en plaidant derni\u00e8rement pour des baisses fiscales, affirmant que la comp\u00e9titivit\u00e9 \u00e9conomique de l&rsquo;Allemagne n\u00e9cessitait un all\u00e8gement des charges. Friedrich Merz veut relancer l&rsquo;\u00e9conomie allemande qui recule depuis 2023 et pour cela le pays \u00abdoit travailler davantage et plus longtemps\u00bb: il a \u00e9voqu\u00e9 un nombre excessif de jours d&rsquo;absence pour maladie, une productivit\u00e9 stagnante et des co\u00fbts du travail parmi les plus \u00e9lev\u00e9s d&rsquo;Europe, qui p\u00e8sent sur la comp\u00e9titivit\u00e9 du pays.<\/p>\n<p class=\"fig-paragraph\">Pour l&rsquo;heure, la grande coalition \u00e0 Berlin s&rsquo;est accord\u00e9e sur des baisses d&rsquo;imp\u00f4ts, pour un montant de plus de 45 milliards d&rsquo;euros entre 2025 et 2029, destin\u00e9es \u00e0 stimuler l&rsquo;investissement des entreprises.<\/p>\n","protected":false},"excerpt":{"rendered":"Le chancelier allemand Friedrich Merz a ferm\u00e9 dimanche la porte \u00e0 toute hausse d&rsquo;imp\u00f4ts, malgr\u00e9 un\u00a0d\u00e9ficit budg\u00e9taire\u00a0qui se&hellip;\n","protected":false},"author":2,"featured_media":356615,"comment_status":"","ping_status":"","sticky":false,"template":"","format":"standard","meta":{"footnotes":""},"categories":[1587],"tags":[11,672,1003,1804,1805,1803,1777,674,1801,49241,12,1802],"class_list":{"0":"post-356614","1":"post","2":"type-post","3":"status-publish","4":"format-standard","5":"has-post-thumbnail","7":"category-allemagne","8":"tag-actualites","9":"tag-allemagne","10":"tag-budget","11":"tag-bundesrepublik-deutschland","12":"tag-de","13":"tag-deutschland","14":"tag-eu","15":"tag-europe","16":"tag-germany","17":"tag-impot-a-la-source","18":"tag-news","19":"tag-republique-federale-dallemagne"},"share_on_mastodon":{"url":"https:\/\/pubeurope.com\/@fr\/115124058363689551","error":""},"_links":{"self":[{"href":"https:\/\/www.europesays.com\/fr\/wp-json\/wp\/v2\/posts\/356614","targetHints":{"allow":["GET"]}}],"collection":[{"href":"https:\/\/www.europesays.com\/fr\/wp-json\/wp\/v2\/posts"}],"about":[{"href":"https:\/\/www.europesays.com\/fr\/wp-json\/wp\/v2\/types\/post"}],"author":[{"embeddable":true,"href":"https:\/\/www.europesays.com\/fr\/wp-json\/wp\/v2\/users\/2"}],"replies":[{"embeddable":true,"href":"https:\/\/www.europesays.com\/fr\/wp-json\/wp\/v2\/comments?post=356614"}],"version-history":[{"count":0,"href":"https:\/\/www.europesays.com\/fr\/wp-json\/wp\/v2\/posts\/356614\/revisions"}],"wp:featuredmedia":[{"embeddable":true,"href":"https:\/\/www.europesays.com\/fr\/wp-json\/wp\/v2\/media\/356615"}],"wp:attachment":[{"href":"https:\/\/www.europesays.com\/fr\/wp-json\/wp\/v2\/media?parent=356614"}],"wp:term":[{"taxonomy":"category","embeddable":true,"href":"https:\/\/www.europesays.com\/fr\/wp-json\/wp\/v2\/categories?post=356614"},{"taxonomy":"post_tag","embeddable":true,"href":"https:\/\/www.europesays.com\/fr\/wp-json\/wp\/v2\/tags?post=356614"}],"curies":[{"name":"wp","href":"https:\/\/api.w.org\/{rel}","templated":true}]}}