{"id":356616,"date":"2025-08-31T15:21:48","date_gmt":"2025-08-31T15:21:48","guid":{"rendered":"https:\/\/www.europesays.com\/fr\/356616\/"},"modified":"2025-08-31T15:21:48","modified_gmt":"2025-08-31T15:21:48","slug":"la-manche-du-nurburgring-a-suivre-en-direct-video","status":"publish","type":"post","link":"https:\/\/www.europesays.com\/fr\/356616\/","title":{"rendered":"La manche du N\u00fcrburgring \u00e0 suivre en direct vid\u00e9o"},"content":{"rendered":"<p><strong>Suivez en direct vid\u00e9o \u00e0 partir de 14h30, la quatri\u00e8me manche de la saison 2025 du GT World Challenge Europe powered by AWS Endurance sur le circuit du N\u00fcrburgring. Le d\u00e9part de la course de trois heures sera donn\u00e9 \u00e0 15 heures.<\/strong><\/p>\n<p>Apr\u00e8s un contact avec la Mercedes-AMG GT3 n\u00b017 du Mercedes-AMG Team GetSpeed de Jules Gounon lors de la s\u00e9ance de qualifications, Charles Weerts, qui devait s\u2019\u00e9lancer en pole position \u00e0 bord de la BMW M4 GT3 n\u00b032 du Team WRT a \u00e9cop\u00e9 de cinq places de p\u00e9nalit\u00e9.<\/p>\n<p>Cette derni\u00e8re offre donc la pole position \u00e0 la BMW M4 GT3 n\u00b098 du ROWE Racing qui sera pilot\u00e9e par Raffaele Marciello, Jesse Krohn et Augusto Farfus.<\/p><\/p>\n","protected":false},"excerpt":{"rendered":"Suivez en direct vid\u00e9o \u00e0 partir de 14h30, la quatri\u00e8me manche de la saison 2025 du GT World&hellip;\n","protected":false},"author":2,"featured_media":356617,"comment_status":"","ping_status":"","sticky":false,"template":"","format":"standard","meta":{"footnotes":""},"categories":[1586],"tags":[11,1777,674,1011,27,12,25],"class_list":{"0":"post-356616","1":"post","2":"type-post","3":"status-publish","4":"format-standard","5":"has-post-thumbnail","7":"category-europe","8":"tag-actualites","9":"tag-eu","10":"tag-europe","11":"tag-fr","12":"tag-france","13":"tag-news","14":"tag-republique-francaise"},"share_on_mastodon":{"url":"https:\/\/pubeurope.com\/@fr\/115124066305457660","error":""},"_links":{"self":[{"href":"https:\/\/www.europesays.com\/fr\/wp-json\/wp\/v2\/posts\/356616","targetHints":{"allow":["GET"]}}],"collection":[{"href":"https:\/\/www.europesays.com\/fr\/wp-json\/wp\/v2\/posts"}],"about":[{"href":"https:\/\/www.europesays.com\/fr\/wp-json\/wp\/v2\/types\/post"}],"author":[{"embeddable":true,"href":"https:\/\/www.europesays.com\/fr\/wp-json\/wp\/v2\/users\/2"}],"replies":[{"embeddable":true,"href":"https:\/\/www.europesays.com\/fr\/wp-json\/wp\/v2\/comments?post=356616"}],"version-history":[{"count":0,"href":"https:\/\/www.europesays.com\/fr\/wp-json\/wp\/v2\/posts\/356616\/revisions"}],"wp:featuredmedia":[{"embeddable":true,"href":"https:\/\/www.europesays.com\/fr\/wp-json\/wp\/v2\/media\/356617"}],"wp:attachment":[{"href":"https:\/\/www.europesays.com\/fr\/wp-json\/wp\/v2\/media?parent=356616"}],"wp:term":[{"taxonomy":"category","embeddable":true,"href":"https:\/\/www.europesays.com\/fr\/wp-json\/wp\/v2\/categories?post=356616"},{"taxonomy":"post_tag","embeddable":true,"href":"https:\/\/www.europesays.com\/fr\/wp-json\/wp\/v2\/tags?post=356616"}],"curies":[{"name":"wp","href":"https:\/\/api.w.org\/{rel}","templated":true}]}}