{"id":356618,"date":"2025-08-31T15:22:16","date_gmt":"2025-08-31T15:22:16","guid":{"rendered":"https:\/\/www.europesays.com\/fr\/356618\/"},"modified":"2025-08-31T15:22:16","modified_gmt":"2025-08-31T15:22:16","slug":"lallemagne-bloque-les-sanctions-de-lue-contre-israel","status":"publish","type":"post","link":"https:\/\/www.europesays.com\/fr\/356618\/","title":{"rendered":"L&rsquo;Allemagne bloque les sanctions de l&rsquo;UE contre Isra\u00ebl"},"content":{"rendered":"<p>                                                L&rsquo;Allemagne bloque les sanctions de l&rsquo;UE contre Isra\u00ebl                    <\/p>\n<p>                        <img decoding=\"async\" src=\"https:\/\/www.europesays.com\/fr\/wp-content\/uploads\/2025\/08\/73503365_1004-600x360.webp.webp\" alt=\"\"\/><\/p>\n<p>                        nouvelles<\/p>\n<p>                            <img decoding=\"async\" src=\"https:\/\/www.europesays.com\/fr\/wp-content\/uploads\/2025\/08\/1754177174_227_LogoExpress-96x96.png\" alt=\"\"\/><\/p>\n<p>                        Gazeta Express<br \/>\n                        31\/08\/2025 16:21<\/p>\n<p class=\"gt-block\">La Commission europ\u00e9enne souhaite imposer des sanctions \u00e0 Isra\u00ebl en raison de la situation \u00e0 Gaza. Mais l&rsquo;Allemagne et d&rsquo;autres pays s&rsquo;y opposent.<\/p>\n<p>La Commission europ\u00e9enne envisage d&rsquo;imposer des sanctions \u00e0 Isra\u00ebl en raison de la situation catastrophique \u00e0 Gaza. Cela comprend la fin de la coop\u00e9ration avec Isra\u00ebl dans le cadre du programme \u00ab\u00a0Horizon Europe\u00a0\u00bb visant \u00e0 promouvoir la recherche et le d\u00e9veloppement scientifiques.<\/p>\n<p>L&rsquo;Allemagne d\u00e9sapprouve les sanctions pr\u00e9vues par la Commission europ\u00e9enne. Selon le ministre allemand des Affaires \u00e9trang\u00e8res, Johann Wadephul, les sanctions dans le domaine de la recherche ne devraient pas avoir d&rsquo;impact sur les d\u00e9cisions politiques et les actions militaires d&rsquo;Isra\u00ebl dans la bande de Gaza.<\/p>\n<p class=\"gt-block\"><strong>Wadephul : L&rsquo;Allemagne a clairement indiqu\u00e9 qu&rsquo;elle rejetait les plans isra\u00e9liens<\/strong><\/p>\n<p>Le ministre allemand des Affaires \u00e9trang\u00e8res, Johann Wadephul, a soulign\u00e9 que l&rsquo;Allemagne avait limit\u00e9 ses livraisons d&rsquo;armes \u00e0 Isra\u00ebl, ce qui constitue une mesure plus appropri\u00e9e. Par cette d\u00e9cision, l&rsquo;Allemagne a clairement exprim\u00e9 son rejet des projets isra\u00e9liens d&rsquo;occupation de Gaza.<\/p>\n<p>Ce qu&rsquo;il faut maintenant, a soulign\u00e9 Wadephul, c&rsquo;est \u00ab une volont\u00e9 d&rsquo;accepter un cessez-le-feu \u00bb dans la bande de Gaza de la part de toutes les parties bellig\u00e9rantes.<\/p>\n<p class=\"gt-block\"><strong>L&rsquo;UE n&rsquo;est pas d&rsquo;accord sur les sanctions<\/strong><\/p>\n<p>Les \u00c9tats membres de l&rsquo;UE sont profond\u00e9ment divis\u00e9s sur les mesures \u00e0 prendre contre Isra\u00ebl dans le cadre de la lutte contre le Hamas. Nombre des sanctions envisag\u00e9es doivent \u00eatre approuv\u00e9es \u00e0 l&rsquo;unanimit\u00e9 ou \u00e0 la majorit\u00e9 qualifi\u00e9e, c&rsquo;est-\u00e0-dire par 15 des 27 \u00c9tats membres de l&rsquo;UE, qui repr\u00e9sentent ensemble au moins 65 % de la population. Les sanctions contre les colons isra\u00e9liens en Cisjordanie ont jusqu&rsquo;\u00e0 pr\u00e9sent \u00e9t\u00e9 bloqu\u00e9es par la Hongrie. L&rsquo;Allemagne, quant \u00e0 elle, refuse de suspendre l&rsquo;accord d&rsquo;association de l&rsquo;UE et ses relations commerciales avec Isra\u00ebl.<\/p>\n<p>La chef de la politique \u00e9trang\u00e8re de l&rsquo;UE, Kaja Kallas, a d\u00e9clar\u00e9 que la position sur les sanctions \u00e0 son encontre ne recueillait pas la majorit\u00e9 des voix parmi les membres et \u00ab envoyait le message que nous \u00e9tions divis\u00e9s \u00bb. \/DW<\/p>\n","protected":false},"excerpt":{"rendered":"L&rsquo;Allemagne bloque les sanctions de l&rsquo;UE contre Isra\u00ebl nouvelles Gazeta Express 31\/08\/2025 16:21 La Commission europ\u00e9enne souhaite imposer&hellip;\n","protected":false},"author":2,"featured_media":356619,"comment_status":"","ping_status":"","sticky":false,"template":"","format":"standard","meta":{"footnotes":""},"categories":[1586],"tags":[11,1777,674,1779,1011,27,12,25,1778,364],"class_list":{"0":"post-356618","1":"post","2":"type-post","3":"status-publish","4":"format-standard","5":"has-post-thumbnail","7":"category-europe","8":"tag-actualites","9":"tag-eu","10":"tag-europe","11":"tag-european-union","12":"tag-fr","13":"tag-france","14":"tag-news","15":"tag-republique-francaise","16":"tag-ue","17":"tag-union-europeenne"},"share_on_mastodon":{"url":"https:\/\/pubeurope.com\/@fr\/115124066492655327","error":""},"_links":{"self":[{"href":"https:\/\/www.europesays.com\/fr\/wp-json\/wp\/v2\/posts\/356618","targetHints":{"allow":["GET"]}}],"collection":[{"href":"https:\/\/www.europesays.com\/fr\/wp-json\/wp\/v2\/posts"}],"about":[{"href":"https:\/\/www.europesays.com\/fr\/wp-json\/wp\/v2\/types\/post"}],"author":[{"embeddable":true,"href":"https:\/\/www.europesays.com\/fr\/wp-json\/wp\/v2\/users\/2"}],"replies":[{"embeddable":true,"href":"https:\/\/www.europesays.com\/fr\/wp-json\/wp\/v2\/comments?post=356618"}],"version-history":[{"count":0,"href":"https:\/\/www.europesays.com\/fr\/wp-json\/wp\/v2\/posts\/356618\/revisions"}],"wp:featuredmedia":[{"embeddable":true,"href":"https:\/\/www.europesays.com\/fr\/wp-json\/wp\/v2\/media\/356619"}],"wp:attachment":[{"href":"https:\/\/www.europesays.com\/fr\/wp-json\/wp\/v2\/media?parent=356618"}],"wp:term":[{"taxonomy":"category","embeddable":true,"href":"https:\/\/www.europesays.com\/fr\/wp-json\/wp\/v2\/categories?post=356618"},{"taxonomy":"post_tag","embeddable":true,"href":"https:\/\/www.europesays.com\/fr\/wp-json\/wp\/v2\/tags?post=356618"}],"curies":[{"name":"wp","href":"https:\/\/api.w.org\/{rel}","templated":true}]}}