{"id":356626,"date":"2025-08-31T15:26:16","date_gmt":"2025-08-31T15:26:16","guid":{"rendered":"https:\/\/www.europesays.com\/fr\/356626\/"},"modified":"2025-08-31T15:26:16","modified_gmt":"2025-08-31T15:26:16","slug":"pour-clement-sordet-le-tour-doit-faire-quelque-chose","status":"publish","type":"post","link":"https:\/\/www.europesays.com\/fr\/356626\/","title":{"rendered":"Pour Cl\u00e9ment Sordet, le Tour doit \u00ab faire quelque chose \u00bb"},"content":{"rendered":"<p>\t\t\t\t\t\t<img width=\"770\" height=\"556\" src=\"https:\/\/www.europesays.com\/fr\/wp-content\/uploads\/2025\/08\/sordet-1-nathan-cardetgolf-planete-770x556.jpg\" class=\"img-responsive wp-post-image\" alt=\"\" decoding=\"async\" fetchpriority=\"high\"  \/>\t\t\t\t\t<\/p>\n<p>\t\t\t\t\t\t Partager cet article <\/p>\n<p class=\"screen-reader-text juiz_sps_maybe_hidden_text\">Partager la publication \u00ab\u00a0Pour Cl\u00e9ment Sordet, le Tour doit \u00ab faire quelque chose \u00bb\u00a0\u00bb<\/p>\n<p><strong>Cl\u00e9ment Sordet esp\u00e8re marquer des points importants sur le parcours de Crans-sur-Sierre. \u00c0 la limite pour conserver ses droits jeu, il s\u2019est vu limiter dans ses occasions de d\u00e9fendre ses chances en raison de sa cat\u00e9gorie issue des cartes.<\/strong><\/p>\n<p>\t\t\t\t\t<a id=\"177181\" href=\"http:\/\/charleskent-golf.com\/andalucia-majors\/\" target=\"_blank\" rel=\"sponsorised nofollow noopener\"><img decoding=\"async\" src=\"data:image\/svg+xml,%3Csvg%20xmlns=\" http:=\"\" class=\"img-responsive\" alt=\"\" data-lazy-src=\"https:\/\/www.europesays.com\/fr\/wp-content\/uploads\/2025\/06\/charleskent-e03-andalucia-majors-1170x275-1.gif\"\/><\/a><\/p>\n<p><strong>Nathan CARDET, \u00e0 Crans-Montana<\/strong><\/p>\n<p>\u00ab Ce n\u2019\u00e9tait pas \u00e9vident, dur \u00e0 g\u00e9rer, \u00e7a faisait longtemps que je n\u2019avais pas jou\u00e9 36 trous dans la journ\u00e9e \u00bb, conc\u00e9dait <strong>Cl\u00e9ment Sordet<\/strong> ce samedi soir \u00e0 la sortie de son troisi\u00e8me tour, directement encha\u00een\u00e9 apr\u00e8s le deuxi\u00e8me.<\/p>\n<p>Le Fran\u00e7ais, frein\u00e9 par des douleurs au ventre, s\u2019est content\u00e9 d\u2019un 70 (par) dans l\u2019apr\u00e8s-midi. \u00ab Le jeu est l\u00e0, je n\u2019ai pas eu beaucoup de r\u00e9ussite au putting. En plus, j\u2019ai pris un double un peu b\u00eate <a href=\"https:\/\/www.golfplanete.com\/actualites\/entre-panorama-et-chance-deagle-tout-savoir-du-trou-signature-du-golf-de-crans-sur-sierre\/\" rel=\"nofollow noopener\" target=\"_blank\">au 7 (son 16e trou)<\/a> avec un hybride hors limites. Les deux birdies pour finir redonnent un peu le sourire mais c\u2019est dommage. \u00bb<\/p>\n<p>Celui qui est pass\u00e9 par l\u2019<strong>Universit\u00e9 de Texas Tech<\/strong> garde tout de m\u00eame l\u2019espoir de marquer de gros points ce dimanche. Contrairement \u00e0 d\u2019autres, il a pu terminer avant la nuit samedi soir son troisi\u00e8me tour et profiter d\u2019un peu plus de sommeil dans la matin\u00e9e.<\/p>\n<p>\u00ab C\u2019est s\u00fbr que c\u2019est difficile de savoir qui a eu le bon draw, explique le joueur rattach\u00e9 au <strong>Golf de Cannes Mougins<\/strong>. Ceux qui sont partis le jeudi apr\u00e8s-midi, comme moi, ont jou\u00e9 en moyenne deux coups de plus que les autres\u2026 Je vais attaquer ce dimanche, essayer de faire -8 pour entrer dans le top 10 et me qualifier ainsi pour l\u2019Irish Open. \u00bb<\/p>\n<p>\t\t\t\t\t<a id=\"180479\" href=\"https:\/\/www.swing.fr\/voyage\/35-14eme-edition-des-doubles-gosset-by-beachcomber\" target=\"_blank\" rel=\"sponsorised nofollow noopener\"><img decoding=\"async\" src=\"data:image\/svg+xml,%3Csvg%20xmlns=\" http:=\"\" class=\"img-responsive\" alt=\"\" data-lazy-src=\"https:\/\/www.europesays.com\/fr\/wp-content\/uploads\/2025\/07\/beachcomber-e01-doubles-gosset-26-1170x275-1.jpg\"\/><\/a><br \/>\nUne cat\u00e9gorie pleine d\u2019incertitude<\/p>\n<p>En effet, le natif de Saint-Martin-d\u2019H\u00e8res (Is\u00e8re, 36) est pour l\u2019instant tr\u00e8s loin dans l\u2019entry list du richement dot\u00e9 <strong>Amgen Irish Open<\/strong>. Repass\u00e9 par les cartes l\u2019an dernier apr\u00e8s une saison 2024 \u201cgal\u00e8re\u201d, le quintuple vainqueur sur l\u2019<strong>HotelPlanner Tour<\/strong> ne joue cette semaine que son quatorzi\u00e8me tournoi de la saison dans l\u2019\u00e9lite avec sa cat\u00e9gorie 18 (top 20 des<a href=\"https:\/\/www.golfplanete.com\/?s=qschool&amp;id=73909&amp;post_type=post\" rel=\"nofollow noopener\" target=\"_blank\"> QSchool<\/a>).<\/p>\n<p>\u00ab J\u2019ai jou\u00e9 tout ce que j\u2019ai pu sur le Tour cette ann\u00e9e, mais la cat\u00e9gorie des cartes est de pire en pire, peste le joueur de 32 ans. On rajoute \u00e0 \u00e7a une ann\u00e9e de Ryder Cup, \u00e7a devient l\u2019enfer. Je pense vraiment qu\u2019ils doivent faire quelque chose par rapport \u00e0 \u00e7a. Ce n\u2019est que mon quatorzi\u00e8me tournoi cette saison sur le DP World Tour. Normalement, avec cette cat\u00e9gorie, on est assur\u00e9 de jouer 15 tournois. Sachant que j\u2019\u00e9tais dans les meilleurs de la cat\u00e9gorie, il y en a plein qui ne vont pas atteindre ce quota. \u00bb <a href=\"https:\/\/www.golfplanete.com\/actualites\/blesse-au-dos-gary-stal-saccorde-un-break-a-duree-indeterminee-et-ne-mache-pas-ses-mots-sur-le-monde-du-golf-daujourdhui\/\" rel=\"nofollow noopener\" target=\"_blank\">Des propos qui font \u00e9cho aux derni\u00e8res d\u00e9clarations de <strong>Gary Stal<\/strong> sur le m\u00eame sujet.<\/a><\/p>\n<blockquote class=\"instagram-media\" style=\"background: #FFF; border: 0; border-radius: 3px; box-shadow: 0 0 1px 0 rgba(0,0,0,0.5),0 1px 10px 0 rgba(0,0,0,0.15); margin: 1px; max-width: 540px; min-width: 326px; padding: 0; width: calc(100% - 2px);\" data-instgrm-captioned=\"\" data-instgrm-permalink=\"https:\/\/www.instagram.com\/p\/DN0vKTxVKwE\/?utm_source=ig_embed&amp;utm_campaign=loading\" data-instgrm-version=\"14\">\n<\/blockquote>\n<p>Des occasions bonifi\u00e9es<\/p>\n<p><strong>Cl\u00e9ment Sordet<\/strong> a donc peu jou\u00e9 sur le <strong>DP World Tour<\/strong> en 2025, mais il a r\u00e9ussi \u00e0 capitaliser. Celui qui s\u2019entra\u00eene depuis le d\u00e9but de saison avec <strong>Mathieu Santerre<\/strong> a ainsi franchi cette semaine son neuvi\u00e8me cut de la saison (soit autant que la saison derni\u00e8re) et pointe \u00e0 la 114e place de l\u2019ordre du m\u00e9rite. En point d\u2019orgue, il y a eu cette tr\u00e8s belle cinqui\u00e8me place \u00e0 l\u2019<a href=\"https:\/\/www.golfplanete.com\/actualites\/a-son-200e-depart-sur-le-tour-europeen-adrien-saddier-lemporte-en-italie-et-se-qualifie-avec-martin-couvra-2e-au-153e-the-open-de-lhistoire\/\" rel=\"nofollow noopener\" target=\"_blank\">Open d\u2019Italie derri\u00e8re Adrien Saddier et Martin Couvra<\/a>.<\/p>\n<p>\u00ab Honn\u00eatement, depuis l\u2019Italie je joue tr\u00e8s bien, j\u2019ai fait de bonnes places, r\u00e9sume-t-il. Il y a beaucoup de positif, maintenant il faut aller chercher les points. Je n\u2019ai aucune id\u00e9e o\u00f9 je vais rentrer \u00e0 part l\u2019Open de France gr\u00e2ce au champ national. Je joue un peu tournoi par tournoi. \u00bb<\/p>\n<p>Le Tricolore devra encore bien jouer sur le peu de tournois qui lui restent (vraisemblablement trois) pour assurer sa carte pour la saison prochaine et ainsi changer de cat\u00e9gorie de jeu. \u00ab Il faut faire avec, on a quand m\u00eame des opportunit\u00e9s, il faut mieux jouer. Si j\u2019ai envie de changer de cat\u00e9gorie, il faut gagner. \u00bb<\/p>\n<p>\t\t\t\t<img loading=\"lazy\" decoding=\"async\" src=\"data:image\/svg+xml,%3Csvg%20xmlns=\" http:=\"\" attributionsrc=\"\" border=\"0\" height=\"1\" width=\"1\" alt=\"Advertisement\" data-lazy-src=\"https:\/\/www.europesays.com\/fr\/wp-content\/uploads\/2025\/07\/B33047934.424844132;dc_trk_aid=615928068;dc_trk_cid=236605808;ord=[timestamp];dc_lat=;dc_rdid=;tag_f.gif\"\/><\/p>\n<p>\t\t\t\t\t<a id=\"179415\" href=\"https:\/\/ad.doubleclick.net\/ddm\/trackclk\/N1153799.3770024GOLFPLANATE\/B33047934.424844132;dc_trk_aid=615928068;dc_trk_cid=236605808;dc_lat=;dc_rdid=;tag_for_child_directed_treatment=;tfua=;gdpr=${GDPR};gdpr_consent=${GDPR_CONSENT_755};ltd=;dc_tdv=1\" target=\"_blank\" rel=\"sponsorised nofollow noopener\"><img decoding=\"async\" src=\"data:image\/svg+xml,%3Csvg%20xmlns=\" http:=\"\" class=\"img-responsive\" alt=\"\" data-lazy-src=\"https:\/\/www.europesays.com\/fr\/wp-content\/uploads\/2025\/07\/callaway-e01-apex-v1-770x385-1.jpg\"\/><\/a><\/p>\n<p>\t\t\t<script async src=\"\/\/www.instagram.com\/embed.js\"><\/script><\/p>\n","protected":false},"excerpt":{"rendered":"Partager cet article Partager la publication \u00ab\u00a0Pour Cl\u00e9ment Sordet, le Tour doit \u00ab faire quelque chose \u00bb\u00a0\u00bb Cl\u00e9ment&hellip;\n","protected":false},"author":2,"featured_media":356627,"comment_status":"","ping_status":"","sticky":false,"template":"","format":"standard","meta":{"footnotes":""},"categories":[1418],"tags":[1011,27,1472,60],"class_list":{"0":"post-356626","1":"post","2":"type-post","3":"status-publish","4":"format-standard","5":"has-post-thumbnail","7":"category-golf","8":"tag-fr","9":"tag-france","10":"tag-golf","11":"tag-sports"},"share_on_mastodon":{"url":"https:\/\/pubeurope.com\/@fr\/115124082097669191","error":""},"_links":{"self":[{"href":"https:\/\/www.europesays.com\/fr\/wp-json\/wp\/v2\/posts\/356626","targetHints":{"allow":["GET"]}}],"collection":[{"href":"https:\/\/www.europesays.com\/fr\/wp-json\/wp\/v2\/posts"}],"about":[{"href":"https:\/\/www.europesays.com\/fr\/wp-json\/wp\/v2\/types\/post"}],"author":[{"embeddable":true,"href":"https:\/\/www.europesays.com\/fr\/wp-json\/wp\/v2\/users\/2"}],"replies":[{"embeddable":true,"href":"https:\/\/www.europesays.com\/fr\/wp-json\/wp\/v2\/comments?post=356626"}],"version-history":[{"count":0,"href":"https:\/\/www.europesays.com\/fr\/wp-json\/wp\/v2\/posts\/356626\/revisions"}],"wp:featuredmedia":[{"embeddable":true,"href":"https:\/\/www.europesays.com\/fr\/wp-json\/wp\/v2\/media\/356627"}],"wp:attachment":[{"href":"https:\/\/www.europesays.com\/fr\/wp-json\/wp\/v2\/media?parent=356626"}],"wp:term":[{"taxonomy":"category","embeddable":true,"href":"https:\/\/www.europesays.com\/fr\/wp-json\/wp\/v2\/categories?post=356626"},{"taxonomy":"post_tag","embeddable":true,"href":"https:\/\/www.europesays.com\/fr\/wp-json\/wp\/v2\/tags?post=356626"}],"curies":[{"name":"wp","href":"https:\/\/api.w.org\/{rel}","templated":true}]}}